{"id":9618,"date":"2024-12-05T06:00:00","date_gmt":"2024-12-05T06:00:00","guid":{"rendered":"https:\/\/alt-edic.eu\/?p=9618"},"modified":"2024-12-13T10:51:10","modified_gmt":"2024-12-13T09:51:10","slug":"the-alt-edic-appoints-its-director","status":"publish","type":"post","link":"https:\/\/www.alt-edic.eu\/sk\/news\/the-alt-edic-appoints-its-director\/","title":{"rendered":"<p>ALT-EDIC vymen\u00fava svojho riadite\u013ea<\/p>"},"content":{"rendered":"<div data-elementor-type=\"wp-post\" data-elementor-id=\"9618\" class=\"elementor elementor-9618\" data-elementor-post-type=\"post\">\n\t\t\t\t<div class=\"elementor-element elementor-element-1d3db17b e-flex e-con-boxed e-con e-parent\" data-id=\"1d3db17b\" data-element_type=\"container\" data-e-type=\"container\">\n\t\t\t\t\t<div class=\"e-con-inner\">\n\t\t\t\t<div class=\"elementor-element elementor-element-2ffcf7d3 elementor-widget elementor-widget-text-editor\" data-id=\"2ffcf7d3\" data-element_type=\"widget\" data-e-type=\"widget\" data-widget_type=\"text-editor.default\">\n\t\t\t\t<div class=\"elementor-widget-container\">\n\t\t\t\t\t\t\t\t\t<p>ALT-EDIC s pote\u0161en\u00edm oznamuje vymenovanie svojho prv\u00e9ho riadite\u013ea Edouarda Geoffroisa. Svoju funkciu nast\u00fapi 1. janu\u00e1ra 2025, pri\u010dom prevezme funkciu predsedu zhroma\u017edenia \u010dlenov ALT-EDIC Tibaulta Grouasa, ktor\u00fd dovtedy p\u00f4sobil ako riadite\u013e.<\/p>\n<p><!-- \/wp:paragraph --><!-- wp:paragraph --><\/p>\n<p>Riadite\u013e je zodpovedn\u00fd za n\u00e1bor t\u00edmu konzorcia ALT-EDIC a bude riadi\u0165 \u010dinnosti a oper\u00e1cie konzorcia ALT-EDIC. Zabezpe\u010d\u00ed spolupr\u00e1cu s r\u00f4znymi zainteresovan\u00fdmi stranami konzorcia ALT-EDIC vr\u00e1tane zhroma\u017edenia \u010dlenov, V\u00fdboru pre strategick\u00e9 smerovanie a priemyseln\u00fdch odvetv\u00ed. Bude zodpovedn\u00fd aj za podporu rozvoja konzorcia ALT-EDIC smerom k plne vyspel\u00fdm a funk\u010dn\u00fdm slu\u017eb\u00e1m v s\u00falade s politick\u00fdm programom Digit\u00e1lne desa\u0165ro\u010die do roku 2030.<\/p>\n<p>Edouard Geoffrois m\u00e1 doktor\u00e1t na t\u00e9mu automatick\u00e9ho rozpozn\u00e1vania re\u010di a vytvoril aktivity v oblasti jazykov\u00fdch technol\u00f3gi\u00ed na franc\u00fazskom ministerstve obrany. Koordinoval spolupr\u00e1cu viacer\u00fdch kraj\u00edn s podporou E\u00da (ERA-NET) v oblasti informa\u010dn\u00fdch a komunika\u010dn\u00fdch technol\u00f3gi\u00ed vo Franc\u00fazskej n\u00e1rodnej v\u00fdskumnej agent\u00fare (ANR) a od roku 2019 pracuje v Eur\u00f3pskej komisii na Eur\u00f3pskom obrannom fonde so zameran\u00edm na umel\u00fa inteligenciu. M\u00e1 rozsiahle sk\u00fasenosti s tvorbou a spr\u00e1vou jazykov\u00fdch d\u00e1t a s navrhovan\u00edm a organizovan\u00edm hodnotiacich kampan\u00ed, ako aj s riaden\u00edm rozsiahlych komplexn\u00fdch programov R&amp;D.<\/p>\n<p><!-- \/wp:paragraph --><!-- wp:paragraph --><\/p>\n<p>Edouard Geoffrois: \u00ab <em>S pr\u00edchodom vysokov\u00fdkonn\u00fdch ve\u013ek\u00fdch jazykov\u00fdch modelov a generat\u00edvnej umelej inteligencie, vydan\u00edm najmodernej\u0161\u00edch modelov s otvoren\u00fdm zdrojov\u00fdm k\u00f3dom a vznikom z\u00e1kladn\u00fdch modelov, ktor\u00e9 m\u00f4\u017eu prisp\u00f4sobi\u0165 tretie strany a pou\u017e\u00edvatelia, sa dom\u00e9na jazykov\u00fdch technol\u00f3gi\u00ed r\u00fdchlo pohybuje. V\u00fdvoj t\u00fdchto technol\u00f3gi\u00ed v Eur\u00f3pe je ve\u013emi akt\u00edvny a viac ako kedyko\u013evek predt\u00fdm je na zabezpe\u010denie \u00fa\u010dinnosti tohto v\u00fdvoja potrebn\u00e9 zdru\u017ei\u0165 jazykov\u00e9 zdroje a spoji\u0165 \u00fasilie v oblasti rozvoja. Ako eur\u00f3psky subjekt s verejn\u00fdm poslan\u00edm sl\u00fa\u017ei\u0165 komunite LT je ALT-EDIC dokonale vhodn\u00e9 na rie\u0161enie t\u00fdchto nedostatkov.<\/em> \u00bb<\/p>\n<p><!-- \/wp:paragraph --><!-- wp:paragraph --><\/p>\n<p><!-- \/wp:paragraph --><\/p>\t\t\t\t\t\t\t\t<\/div>\n\t\t\t\t<\/div>\n\t\t\t\t\t<\/div>\n\t\t\t\t<\/div>\n\t\t\t\t<\/div>","protected":false},"excerpt":{"rendered":"<p>Edouard Geoffrois prinesie do ALT-EDIC svoje odborn\u00e9 znalosti v oblasti jazykov\u00fdch technol\u00f3gi\u00ed a svoje sk\u00fasenosti v oblasti R&amp;D programov\u00e9ho riadenia a eur\u00f3pskej spolupr\u00e1ce.  <\/p>","protected":false},"author":32,"featured_media":10236,"comment_status":"closed","ping_status":"open","sticky":false,"template":"","format":"standard","meta":{"footnotes":""},"categories":[189],"tags":[],"class_list":["post-9618","post","type-post","status-publish","format-standard","has-post-thumbnail","hentry","category-news"],"aioseo_notices":[],"aioseo_head":"\n\t\t<!-- All in One SEO 5.0.0.1 - aioseo.com -->\n\t<meta name=\"description\" content=\"Edouard Geoffrois will bring to the ALT-EDIC his expertise in Language Technologies and his experience in R&amp;D programme management and European cooperation.\" \/>\n\t<meta name=\"robots\" content=\"max-image-preview:large\" \/>\n\t<meta name=\"author\" content=\"News ALT-EDIC\"\/>\n\t<link rel=\"canonical\" href=\"https:\/\/www.alt-edic.eu\/sk\/news\/the-alt-edic-appoints-its-director\/\" \/>\n\t<meta name=\"generator\" content=\"All in One SEO (AIOSEO) 5.0.0.1\" \/>\n\t\t<meta property=\"og:locale\" content=\"sk_SK\" \/>\n\t\t<meta property=\"og:site_name\" content=\"ALT-EDIC \u2013 Alliance for Language Technologies EDIC\" \/>\n\t\t<meta property=\"og:type\" content=\"article\" \/>\n\t\t<meta property=\"og:title\" content=\"The ALT-EDIC appoints its director \u2013 ALT-EDIC\" \/>\n\t\t<meta property=\"og:description\" content=\"Edouard Geoffrois will bring to the ALT-EDIC his expertise in Language Technologies and his experience in R&amp;D programme management and European cooperation.\" \/>\n\t\t<meta property=\"og:url\" content=\"https:\/\/www.alt-edic.eu\/sk\/news\/the-alt-edic-appoints-its-director\/\" \/>\n\t\t<meta property=\"article:published_time\" content=\"2024-12-05T06:00:00+00:00\" \/>\n\t\t<meta property=\"article:modified_time\" content=\"2024-12-13T09:51:10+00:00\" \/>\n\t\t<meta name=\"twitter:card\" content=\"summary_large_image\" \/>\n\t\t<meta name=\"twitter:title\" content=\"The ALT-EDIC appoints its director \u2013 ALT-EDIC\" \/>\n\t\t<meta name=\"twitter:description\" content=\"Edouard Geoffrois will bring to the ALT-EDIC his expertise in Language Technologies and his experience in R&amp;D programme management and European cooperation.\" \/>\n\t\t<script type=\"application\/ld+json\" class=\"aioseo-schema\">\n\t\t\t{\"@context\":\"https:\\\/\\\/schema.org\",\"@graph\":[{\"@type\":\"BlogPosting\",\"@id\":\"https:\\\/\\\/www.alt-edic.eu\\\/sk\\\/news\\\/the-alt-edic-appoints-its-director\\\/#blogposting\",\"name\":\"The ALT-EDIC appoints its director \\u2013 ALT-EDIC\",\"headline\":\"The ALT-EDIC appoints its director\",\"author\":{\"@id\":\"https:\\\/\\\/www.alt-edic.eu\\\/sk\\\/author\\\/news-alt-edic\\\/#author\"},\"publisher\":{\"@id\":\"https:\\\/\\\/www.alt-edic.eu\\\/sk\\\/#organization\"},\"image\":{\"@type\":\"ImageObject\",\"url\":\"https:\\\/\\\/www.alt-edic.eu\\\/wp-content\\\/uploads\\\/2024\\\/12\\\/photo_geoffrois.jpg\",\"width\":403,\"height\":482,\"caption\":\"Geoffrois Edouard Alt edic\"},\"datePublished\":\"2024-12-05T06:00:00+01:00\",\"dateModified\":\"2024-12-13T10:51:10+01:00\",\"inLanguage\":\"sk-SK\",\"mainEntityOfPage\":{\"@id\":\"https:\\\/\\\/www.alt-edic.eu\\\/sk\\\/news\\\/the-alt-edic-appoints-its-director\\\/#webpage\"},\"isPartOf\":{\"@id\":\"https:\\\/\\\/www.alt-edic.eu\\\/sk\\\/news\\\/the-alt-edic-appoints-its-director\\\/#webpage\"},\"articleSection\":\"News\"},{\"@type\":\"BreadcrumbList\",\"@id\":\"https:\\\/\\\/www.alt-edic.eu\\\/sk\\\/news\\\/the-alt-edic-appoints-its-director\\\/#breadcrumblist\",\"itemListElement\":[{\"@type\":\"ListItem\",\"@id\":\"https:\\\/\\\/www.alt-edic.eu\\\/sk#listItem\",\"position\":1,\"name\":\"Home\",\"item\":\"https:\\\/\\\/www.alt-edic.eu\\\/sk\",\"nextItem\":{\"@type\":\"ListItem\",\"@id\":\"https:\\\/\\\/www.alt-edic.eu\\\/sk\\\/category\\\/news\\\/#listItem\",\"name\":\"News\"}},{\"@type\":\"ListItem\",\"@id\":\"https:\\\/\\\/www.alt-edic.eu\\\/sk\\\/category\\\/news\\\/#listItem\",\"position\":2,\"name\":\"News\",\"item\":\"https:\\\/\\\/www.alt-edic.eu\\\/sk\\\/category\\\/news\\\/\",\"nextItem\":{\"@type\":\"ListItem\",\"@id\":\"https:\\\/\\\/www.alt-edic.eu\\\/sk\\\/news\\\/the-alt-edic-appoints-its-director\\\/#listItem\",\"name\":\"The ALT-EDIC appoints its director\"},\"previousItem\":{\"@type\":\"ListItem\",\"@id\":\"https:\\\/\\\/www.alt-edic.eu\\\/sk#listItem\",\"name\":\"Home\"}},{\"@type\":\"ListItem\",\"@id\":\"https:\\\/\\\/www.alt-edic.eu\\\/sk\\\/news\\\/the-alt-edic-appoints-its-director\\\/#listItem\",\"position\":3,\"name\":\"The ALT-EDIC appoints its director\",\"previousItem\":{\"@type\":\"ListItem\",\"@id\":\"https:\\\/\\\/www.alt-edic.eu\\\/sk\\\/category\\\/news\\\/#listItem\",\"name\":\"News\"}}]},{\"@type\":\"Organization\",\"@id\":\"https:\\\/\\\/www.alt-edic.eu\\\/sk\\\/#organization\",\"name\":\"ALT-EDIC Alliance for Language Technologies (ALT-EDIC)\",\"description\":\"Alliance for Language Technologies EDIC The Alliance for Language Technologies (ALT-EDIC) is a European Digital Infrastructure Consortium supporting the development of Language Technologies. It will promote excellence in language technologies and contribute to the preservation of Europe\\u2019s linguistic diversity and cultural richness.\",\"url\":\"https:\\\/\\\/www.alt-edic.eu\\\/sk\\\/\",\"email\":\"contact@alt-edic.eu\",\"telephone\":\"+33364924355\",\"foundingDate\":\"2024-02-01\",\"numberOfEmployees\":{\"@type\":\"QuantitativeValue\",\"minValue\":0,\"maxValue\":15},\"logo\":{\"@type\":\"ImageObject\",\"url\":\"https:\\\/\\\/www.alt-edic.eu\\\/wp-content\\\/uploads\\\/2024\\\/09\\\/logo_alt-edic_blue_on_white.png\",\"@id\":\"https:\\\/\\\/www.alt-edic.eu\\\/sk\\\/news\\\/the-alt-edic-appoints-its-director\\\/#organizationLogo\",\"width\":2779,\"height\":541,\"caption\":\"Logo Alt-Edic Blue\"},\"image\":{\"@id\":\"https:\\\/\\\/www.alt-edic.eu\\\/sk\\\/news\\\/the-alt-edic-appoints-its-director\\\/#organizationLogo\"},\"sameAs\":[\"https:\\\/\\\/www.linkedin.com\\\/company\\\/alt-edic\\\/\"]},{\"@type\":\"Person\",\"@id\":\"https:\\\/\\\/www.alt-edic.eu\\\/sk\\\/author\\\/news-alt-edic\\\/#author\",\"url\":\"https:\\\/\\\/www.alt-edic.eu\\\/sk\\\/author\\\/news-alt-edic\\\/\",\"name\":\"News ALT-EDIC\",\"image\":{\"@type\":\"ImageObject\",\"@id\":\"https:\\\/\\\/www.alt-edic.eu\\\/sk\\\/news\\\/the-alt-edic-appoints-its-director\\\/#authorImage\",\"url\":\"https:\\\/\\\/secure.gravatar.com\\\/avatar\\\/2f114008dcd1cfeab0b9b1818a54621d4d840e95a663efbbee5b8108ba8d6018?s=96&d=mm&r=g\",\"width\":96,\"height\":96,\"caption\":\"News ALT-EDIC\"}},{\"@type\":\"WebPage\",\"@id\":\"https:\\\/\\\/www.alt-edic.eu\\\/sk\\\/news\\\/the-alt-edic-appoints-its-director\\\/#webpage\",\"url\":\"https:\\\/\\\/www.alt-edic.eu\\\/sk\\\/news\\\/the-alt-edic-appoints-its-director\\\/\",\"name\":\"The ALT-EDIC appoints its director \\u2013 ALT-EDIC\",\"description\":\"Edouard Geoffrois will bring to the ALT-EDIC his expertise in Language Technologies and his experience in R&D programme management and European cooperation.\",\"inLanguage\":\"sk-SK\",\"isPartOf\":{\"@id\":\"https:\\\/\\\/www.alt-edic.eu\\\/sk\\\/#website\"},\"breadcrumb\":{\"@id\":\"https:\\\/\\\/www.alt-edic.eu\\\/sk\\\/news\\\/the-alt-edic-appoints-its-director\\\/#breadcrumblist\"},\"author\":{\"@id\":\"https:\\\/\\\/www.alt-edic.eu\\\/sk\\\/author\\\/news-alt-edic\\\/#author\"},\"creator\":{\"@id\":\"https:\\\/\\\/www.alt-edic.eu\\\/sk\\\/author\\\/news-alt-edic\\\/#author\"},\"image\":{\"@type\":\"ImageObject\",\"url\":\"https:\\\/\\\/www.alt-edic.eu\\\/wp-content\\\/uploads\\\/2024\\\/12\\\/photo_geoffrois.jpg\",\"@id\":\"https:\\\/\\\/www.alt-edic.eu\\\/sk\\\/news\\\/the-alt-edic-appoints-its-director\\\/#mainImage\",\"width\":403,\"height\":482,\"caption\":\"Geoffrois Edouard Alt edic\"},\"primaryImageOfPage\":{\"@id\":\"https:\\\/\\\/www.alt-edic.eu\\\/sk\\\/news\\\/the-alt-edic-appoints-its-director\\\/#mainImage\"},\"datePublished\":\"2024-12-05T06:00:00+01:00\",\"dateModified\":\"2024-12-13T10:51:10+01:00\"},{\"@type\":\"WebSite\",\"@id\":\"https:\\\/\\\/www.alt-edic.eu\\\/sk\\\/#website\",\"url\":\"https:\\\/\\\/www.alt-edic.eu\\\/sk\\\/\",\"name\":\"ALT-EDIC Alliance for Language Technologies\",\"alternateName\":\"ALT-EDIC\",\"description\":\"Alliance for Language Technologies EDIC\",\"inLanguage\":\"sk-SK\",\"publisher\":{\"@id\":\"https:\\\/\\\/www.alt-edic.eu\\\/sk\\\/#organization\"}}]}\n\t\t<\/script>\n\t\t<!-- All in One SEO -->\n\n","aioseo_head_json":{"title":"The ALT-EDIC appoints its director \u2013 ALT-EDIC","description":"Edouard Geoffrois will bring to the ALT-EDIC his expertise in Language Technologies and his experience in R&D programme management and European cooperation.","canonical_url":"https:\/\/www.alt-edic.eu\/sk\/news\/the-alt-edic-appoints-its-director\/","robots":"max-image-preview:large","keywords":"","webmasterTools":{"miscellaneous":""},"schema":{"@context":"https:\/\/schema.org","@graph":[{"@type":"BlogPosting","@id":"https:\/\/www.alt-edic.eu\/sk\/news\/the-alt-edic-appoints-its-director\/#blogposting","name":"The ALT-EDIC appoints its director \u2013 ALT-EDIC","headline":"The ALT-EDIC appoints its director","author":{"@id":"https:\/\/www.alt-edic.eu\/sk\/author\/news-alt-edic\/#author"},"publisher":{"@id":"https:\/\/www.alt-edic.eu\/sk\/#organization"},"image":{"@type":"ImageObject","url":"https:\/\/www.alt-edic.eu\/wp-content\/uploads\/2024\/12\/photo_geoffrois.jpg","width":403,"height":482,"caption":"Geoffrois Edouard Alt edic"},"datePublished":"2024-12-05T06:00:00+01:00","dateModified":"2024-12-13T10:51:10+01:00","inLanguage":"sk-SK","mainEntityOfPage":{"@id":"https:\/\/www.alt-edic.eu\/sk\/news\/the-alt-edic-appoints-its-director\/#webpage"},"isPartOf":{"@id":"https:\/\/www.alt-edic.eu\/sk\/news\/the-alt-edic-appoints-its-director\/#webpage"},"articleSection":"News"},{"@type":"BreadcrumbList","@id":"https:\/\/www.alt-edic.eu\/sk\/news\/the-alt-edic-appoints-its-director\/#breadcrumblist","itemListElement":[{"@type":"ListItem","@id":"https:\/\/www.alt-edic.eu\/sk#listItem","position":1,"name":"Home","item":"https:\/\/www.alt-edic.eu\/sk","nextItem":{"@type":"ListItem","@id":"https:\/\/www.alt-edic.eu\/sk\/category\/news\/#listItem","name":"News"}},{"@type":"ListItem","@id":"https:\/\/www.alt-edic.eu\/sk\/category\/news\/#listItem","position":2,"name":"News","item":"https:\/\/www.alt-edic.eu\/sk\/category\/news\/","nextItem":{"@type":"ListItem","@id":"https:\/\/www.alt-edic.eu\/sk\/news\/the-alt-edic-appoints-its-director\/#listItem","name":"The ALT-EDIC appoints its director"},"previousItem":{"@type":"ListItem","@id":"https:\/\/www.alt-edic.eu\/sk#listItem","name":"Home"}},{"@type":"ListItem","@id":"https:\/\/www.alt-edic.eu\/sk\/news\/the-alt-edic-appoints-its-director\/#listItem","position":3,"name":"The ALT-EDIC appoints its director","previousItem":{"@type":"ListItem","@id":"https:\/\/www.alt-edic.eu\/sk\/category\/news\/#listItem","name":"News"}}]},{"@type":"Organization","@id":"https:\/\/www.alt-edic.eu\/sk\/#organization","name":"ALT-EDIC Alliance for Language Technologies (ALT-EDIC)","description":"Alliance for Language Technologies EDIC The Alliance for Language Technologies (ALT-EDIC) is a European Digital Infrastructure Consortium supporting the development of Language Technologies. It will promote excellence in language technologies and contribute to the preservation of Europe\u2019s linguistic diversity and cultural richness.","url":"https:\/\/www.alt-edic.eu\/sk\/","email":"contact@alt-edic.eu","telephone":"+33364924355","foundingDate":"2024-02-01","numberOfEmployees":{"@type":"QuantitativeValue","minValue":0,"maxValue":15},"logo":{"@type":"ImageObject","url":"https:\/\/www.alt-edic.eu\/wp-content\/uploads\/2024\/09\/logo_alt-edic_blue_on_white.png","@id":"https:\/\/www.alt-edic.eu\/sk\/news\/the-alt-edic-appoints-its-director\/#organizationLogo","width":2779,"height":541,"caption":"Logo Alt-Edic Blue"},"image":{"@id":"https:\/\/www.alt-edic.eu\/sk\/news\/the-alt-edic-appoints-its-director\/#organizationLogo"},"sameAs":["https:\/\/www.linkedin.com\/company\/alt-edic\/"]},{"@type":"Person","@id":"https:\/\/www.alt-edic.eu\/sk\/author\/news-alt-edic\/#author","url":"https:\/\/www.alt-edic.eu\/sk\/author\/news-alt-edic\/","name":"News ALT-EDIC","image":{"@type":"ImageObject","@id":"https:\/\/www.alt-edic.eu\/sk\/news\/the-alt-edic-appoints-its-director\/#authorImage","url":"https:\/\/secure.gravatar.com\/avatar\/2f114008dcd1cfeab0b9b1818a54621d4d840e95a663efbbee5b8108ba8d6018?s=96&d=mm&r=g","width":96,"height":96,"caption":"News ALT-EDIC"}},{"@type":"WebPage","@id":"https:\/\/www.alt-edic.eu\/sk\/news\/the-alt-edic-appoints-its-director\/#webpage","url":"https:\/\/www.alt-edic.eu\/sk\/news\/the-alt-edic-appoints-its-director\/","name":"The ALT-EDIC appoints its director \u2013 ALT-EDIC","description":"Edouard Geoffrois will bring to the ALT-EDIC his expertise in Language Technologies and his experience in R&D programme management and European cooperation.","inLanguage":"sk-SK","isPartOf":{"@id":"https:\/\/www.alt-edic.eu\/sk\/#website"},"breadcrumb":{"@id":"https:\/\/www.alt-edic.eu\/sk\/news\/the-alt-edic-appoints-its-director\/#breadcrumblist"},"author":{"@id":"https:\/\/www.alt-edic.eu\/sk\/author\/news-alt-edic\/#author"},"creator":{"@id":"https:\/\/www.alt-edic.eu\/sk\/author\/news-alt-edic\/#author"},"image":{"@type":"ImageObject","url":"https:\/\/www.alt-edic.eu\/wp-content\/uploads\/2024\/12\/photo_geoffrois.jpg","@id":"https:\/\/www.alt-edic.eu\/sk\/news\/the-alt-edic-appoints-its-director\/#mainImage","width":403,"height":482,"caption":"Geoffrois Edouard Alt edic"},"primaryImageOfPage":{"@id":"https:\/\/www.alt-edic.eu\/sk\/news\/the-alt-edic-appoints-its-director\/#mainImage"},"datePublished":"2024-12-05T06:00:00+01:00","dateModified":"2024-12-13T10:51:10+01:00"},{"@type":"WebSite","@id":"https:\/\/www.alt-edic.eu\/sk\/#website","url":"https:\/\/www.alt-edic.eu\/sk\/","name":"ALT-EDIC Alliance for Language Technologies","alternateName":"ALT-EDIC","description":"Alliance for Language Technologies EDIC","inLanguage":"sk-SK","publisher":{"@id":"https:\/\/www.alt-edic.eu\/sk\/#organization"}}]},"og:locale":"sk_SK","og:site_name":"ALT-EDIC \u2013 Alliance for Language Technologies EDIC","og:type":"article","og:title":"The ALT-EDIC appoints its director \u2013 ALT-EDIC","og:description":"Edouard Geoffrois will bring to the ALT-EDIC his expertise in Language Technologies and his experience in R&amp;D programme management and European cooperation.","og:url":"https:\/\/www.alt-edic.eu\/sk\/news\/the-alt-edic-appoints-its-director\/","article:published_time":"2024-12-05T06:00:00+00:00","article:modified_time":"2024-12-13T09:51:10+00:00","twitter:card":"summary_large_image","twitter:title":"The ALT-EDIC appoints its director \u2013 ALT-EDIC","twitter:description":"Edouard Geoffrois will bring to the ALT-EDIC his expertise in Language Technologies and his experience in R&amp;D programme management and European cooperation."},"aioseo_meta_data":{"post_id":"9618","title":null,"description":null,"keywords":null,"keyphrases":{"focus":{"keyphrase":"","score":0,"analysis":{"keyphraseInTitle":{"score":0,"maxScore":9,"error":1}}},"additional":[]},"primary_term":null,"canonical_url":null,"og_title":null,"og_description":null,"og_object_type":"default","og_image_type":"default","og_image_url":null,"og_image_width":null,"og_image_height":null,"og_image_custom_url":null,"og_image_custom_fields":null,"og_video":"","og_custom_url":null,"og_article_section":null,"og_article_tags":null,"twitter_use_og":false,"twitter_card":"default","twitter_image_type":"default","twitter_image_url":null,"twitter_image_custom_url":null,"twitter_image_custom_fields":null,"twitter_title":null,"twitter_description":null,"schema":{"blockGraphs":[],"customGraphs":[],"default":{"data":{"Article":[],"Course":[],"Dataset":[],"FAQPage":[],"Movie":[],"Person":[],"Product":[],"ProductReview":[],"Car":[],"Recipe":[],"Service":[],"SoftwareApplication":[],"WebPage":[]},"graphName":"BlogPosting","isEnabled":true},"graphs":[]},"schema_type":"default","schema_type_options":null,"pillar_content":false,"robots_default":true,"robots_noindex":false,"robots_noarchive":false,"robots_nosnippet":false,"robots_nofollow":false,"robots_noimageindex":false,"robots_noodp":false,"robots_notranslate":false,"robots_max_snippet":"-1","robots_max_videopreview":"-1","robots_max_imagepreview":"large","priority":null,"frequency":"default","local_seo":null,"breadcrumb_settings":null,"limit_modified_date":false,"ai":null,"created":"2024-11-18 14:34:02","updated":"2025-06-10 20:37:13","seo_analyzer_scan_date":null,"focus_keyword":null,"additional_keywords":null,"truseo_locale":null},"aioseo_breadcrumb":"<div class=\"aioseo-breadcrumbs\"><span class=\"aioseo-breadcrumb\">\n\t\t\t<a href=\"https:\/\/www.alt-edic.eu\/sk\" title=\"Home\">Home<\/a>\n\t\t<\/span><span class=\"aioseo-breadcrumb-separator\">\/<\/span><span class=\"aioseo-breadcrumb\">\n\t\t\t<a href=\"https:\/\/www.alt-edic.eu\/sk\/category\/news\/\" title=\"News\">News<\/a>\n\t\t<\/span><span class=\"aioseo-breadcrumb-separator\">\/<\/span><span class=\"aioseo-breadcrumb\">\n\t\t\tThe ALT-EDIC appoints its director\n\t\t<\/span><\/div>","aioseo_breadcrumb_json":[{"label":"Home","link":"https:\/\/www.alt-edic.eu\/sk"},{"label":"News","link":"https:\/\/www.alt-edic.eu\/sk\/category\/news\/"},{"label":"The ALT-EDIC appoints its director","link":"https:\/\/www.alt-edic.eu\/sk\/news\/the-alt-edic-appoints-its-director\/"}],"_links":{"self":[{"href":"https:\/\/www.alt-edic.eu\/sk\/wp-json\/wp\/v2\/posts\/9618","targetHints":{"allow":["GET"]}}],"collection":[{"href":"https:\/\/www.alt-edic.eu\/sk\/wp-json\/wp\/v2\/posts"}],"about":[{"href":"https:\/\/www.alt-edic.eu\/sk\/wp-json\/wp\/v2\/types\/post"}],"author":[{"embeddable":true,"href":"https:\/\/www.alt-edic.eu\/sk\/wp-json\/wp\/v2\/users\/32"}],"replies":[{"embeddable":true,"href":"https:\/\/www.alt-edic.eu\/sk\/wp-json\/wp\/v2\/comments?post=9618"}],"version-history":[{"count":0,"href":"https:\/\/www.alt-edic.eu\/sk\/wp-json\/wp\/v2\/posts\/9618\/revisions"}],"wp:featuredmedia":[{"embeddable":true,"href":"https:\/\/www.alt-edic.eu\/sk\/wp-json\/wp\/v2\/media\/10236"}],"wp:attachment":[{"href":"https:\/\/www.alt-edic.eu\/sk\/wp-json\/wp\/v2\/media?parent=9618"}],"wp:term":[{"taxonomy":"category","embeddable":true,"href":"https:\/\/www.alt-edic.eu\/sk\/wp-json\/wp\/v2\/categories?post=9618"},{"taxonomy":"post_tag","embeddable":true,"href":"https:\/\/www.alt-edic.eu\/sk\/wp-json\/wp\/v2\/tags?post=9618"}],"curies":[{"name":"wp","href":"https:\/\/api.w.org\/{rel}","templated":true}]}}