{"id":51,"date":"2024-12-05T08:00:00","date_gmt":"2024-12-05T08:00:00","guid":{"rendered":"https:\/\/apusthemes.com\/wp-demo\/superio\/?p=51"},"modified":"2024-12-06T10:59:09","modified_gmt":"2024-12-06T10:59:09","slug":"we-are-hiring","status":"publish","type":"post","link":"https:\/\/www.alt-edic.eu\/sk\/news\/we-are-hiring\/","title":{"rendered":"<p>ALT-EDIC prij\u00edma zamestnancov<\/p>"},"content":{"rendered":"<div data-elementor-type=\"wp-post\" data-elementor-id=\"51\" class=\"elementor elementor-51\" data-elementor-post-type=\"post\">\n\t\t\t\t<div class=\"elementor-element elementor-element-3adc972e e-flex e-con-boxed e-con e-parent\" data-id=\"3adc972e\" data-element_type=\"container\" data-e-type=\"container\">\n\t\t\t\t\t<div class=\"e-con-inner\">\n\t\t\t\t<div class=\"elementor-element elementor-element-22550f06 elementor-widget elementor-widget-text-editor\" data-id=\"22550f06\" data-element_type=\"widget\" data-e-type=\"widget\" data-widget_type=\"text-editor.default\">\n\t\t\t\t<div class=\"elementor-widget-container\">\n\t\t\t\t\t\t\t\t\t<p class=\"has-medium-font-size\">Aliancia pre jazykov\u00e9 technol\u00f3gie (ALT-EDIC) otv\u00e1ra 7 poz\u00edci\u00ed na vytvorenie svojho hlavn\u00e9ho t\u00edmu.<\/p>\n<p><!-- \/wp:paragraph --><!-- wp:paragraph --><\/p>\n<p>ALT-EDIC h\u013ead\u00e1 kandid\u00e1tov, ktor\u00ed maj\u00fa z\u00e1ujem zohr\u00e1va\u0165 k\u013e\u00fa\u010dov\u00fa \u00falohu vo v\u00fdvoji umelej inteligencie v Eur\u00f3pe. K dispoz\u00edcii s\u00fa tieto poz\u00edcie:<\/p>\n<ul>\n<li>Ved\u00faci kancel\u00e1rie<\/li>\n<li>Spr\u00e1vca projektu<\/li>\n<li>\u00daradn\u00edk pre komunik\u00e1ciu a \u0161\u00edrenie inform\u00e1ci\u00ed<\/li>\n<li>Pr\u00e1vny expert<\/li>\n<li>Mana\u017e\u00e9r pre hodnotenie jazykov\u00fdch technol\u00f3gi\u00ed<\/li>\n<li>Spr\u00e1vca jazykov\u00fdch \u00fadajov<\/li>\n<li>V\u00fdvoj\u00e1r softv\u00e9ru<\/li>\n<\/ul>\n<p>Poz\u00edcie bud\u00fa zah\u0155\u0148a\u0165 interakcie so \u0161irokou \u0161k\u00e1lou zainteresovan\u00fdch str\u00e1n v medzin\u00e1rodnom kontexte. Uch\u00e1dza\u010di by mali plynule ovl\u00e1da\u0165 aspo\u0148 dva eur\u00f3pske jazyky. <\/p>\n<p>Ka\u017edodenn\u00e1 pr\u00e1ca sa bude kona\u0165 vo franc\u00fazskom meste Villers-Cotter\u00eats a\/alebo v Par\u00ed\u017ei, pri\u010dom stretnutia sa bud\u00fa kona\u0165 na oboch miestach. Zv\u00e1\u017ei\u0165 mo\u017eno aj opatrenia t\u00fdkaj\u00face sa pr\u00e1ce na dia\u013eku.<\/p>\n<p>Presk\u00famanie \u017eiadost\u00ed sa za\u010dne 13. janu\u00e1ra 2025. Poz\u00edcie zostan\u00fa otvoren\u00e9 a\u017e do ich obsadenia.\u00a0Podrobnosti s\u00fa k dispoz\u00edcii <span style=\"text-decoration: underline;\"><a href=\"https:\/\/www.alt-edic.eu\/sk\/job-offers\/\">tu<\/a><\/span>.<\/p>\n<p><!-- \/wp:paragraph --><!-- wp:paragraph --><\/p>\n<p><!-- \/wp:paragraph --><\/p>\t\t\t\t\t\t\t\t<\/div>\n\t\t\t\t<\/div>\n\t\t\t\t\t<\/div>\n\t\t\t\t<\/div>\n\t\t\t\t<\/div>","protected":false},"excerpt":{"rendered":"<p>Aliancia pre jazykov\u00e9 technol\u00f3gie otv\u00e1ra 7 poz\u00edci\u00ed na vytvorenie svojho hlavn\u00e9ho t\u00edmu. <\/p>","protected":false},"author":32,"featured_media":9001,"comment_status":"closed","ping_status":"open","sticky":false,"template":"","format":"standard","meta":{"footnotes":""},"categories":[189,190],"tags":[],"class_list":["post-51","post","type-post","status-publish","format-standard","has-post-thumbnail","hentry","category-news","category-recruitment"],"aioseo_notices":[],"aioseo_head":"\n\t\t<!-- All in One SEO 5.0.0.1 - aioseo.com -->\n\t<meta name=\"description\" content=\"The Alliance for language technologies opens 7 positions to form its core team.\" \/>\n\t<meta name=\"robots\" content=\"max-image-preview:large\" \/>\n\t<meta name=\"author\" content=\"News ALT-EDIC\"\/>\n\t<link rel=\"canonical\" href=\"https:\/\/www.alt-edic.eu\/sk\/news\/we-are-hiring\/\" \/>\n\t<meta name=\"generator\" content=\"All in One SEO (AIOSEO) 5.0.0.1\" \/>\n\t\t<meta property=\"og:locale\" content=\"sk_SK\" \/>\n\t\t<meta property=\"og:site_name\" content=\"ALT-EDIC \u2013 Alliance for Language Technologies EDIC\" \/>\n\t\t<meta property=\"og:type\" content=\"article\" \/>\n\t\t<meta property=\"og:title\" content=\"The ALT-EDIC is hiring \u2013 ALT-EDIC\" \/>\n\t\t<meta property=\"og:description\" content=\"The Alliance for language technologies opens 7 positions to form its core team.\" \/>\n\t\t<meta property=\"og:url\" content=\"https:\/\/www.alt-edic.eu\/sk\/news\/we-are-hiring\/\" \/>\n\t\t<meta property=\"article:published_time\" content=\"2024-12-05T08:00:00+00:00\" \/>\n\t\t<meta property=\"article:modified_time\" content=\"2024-12-06T10:59:09+00:00\" \/>\n\t\t<meta name=\"twitter:card\" content=\"summary_large_image\" \/>\n\t\t<meta name=\"twitter:title\" content=\"The ALT-EDIC is hiring \u2013 ALT-EDIC\" \/>\n\t\t<meta name=\"twitter:description\" content=\"The Alliance for language technologies opens 7 positions to form its core team.\" \/>\n\t\t<script type=\"application\/ld+json\" class=\"aioseo-schema\">\n\t\t\t{\"@context\":\"https:\\\/\\\/schema.org\",\"@graph\":[{\"@type\":\"BlogPosting\",\"@id\":\"https:\\\/\\\/www.alt-edic.eu\\\/sk\\\/news\\\/we-are-hiring\\\/#blogposting\",\"name\":\"The ALT-EDIC is hiring \\u2013 ALT-EDIC\",\"headline\":\"The ALT-EDIC is hiring\",\"author\":{\"@id\":\"https:\\\/\\\/www.alt-edic.eu\\\/sk\\\/author\\\/news-alt-edic\\\/#author\"},\"publisher\":{\"@id\":\"https:\\\/\\\/www.alt-edic.eu\\\/sk\\\/#organization\"},\"image\":{\"@type\":\"ImageObject\",\"url\":\"https:\\\/\\\/www.alt-edic.eu\\\/wp-content\\\/uploads\\\/2024\\\/09\\\/hands-scaled-e1728744572266.jpg\",\"width\":1800,\"height\":852,\"caption\":\"Hand check\"},\"datePublished\":\"2024-12-05T08:00:00+01:00\",\"dateModified\":\"2024-12-06T10:59:09+01:00\",\"inLanguage\":\"sk-SK\",\"mainEntityOfPage\":{\"@id\":\"https:\\\/\\\/www.alt-edic.eu\\\/sk\\\/news\\\/we-are-hiring\\\/#webpage\"},\"isPartOf\":{\"@id\":\"https:\\\/\\\/www.alt-edic.eu\\\/sk\\\/news\\\/we-are-hiring\\\/#webpage\"},\"articleSection\":\"News, Recruitment\"},{\"@type\":\"BreadcrumbList\",\"@id\":\"https:\\\/\\\/www.alt-edic.eu\\\/sk\\\/news\\\/we-are-hiring\\\/#breadcrumblist\",\"itemListElement\":[{\"@type\":\"ListItem\",\"@id\":\"https:\\\/\\\/www.alt-edic.eu\\\/sk#listItem\",\"position\":1,\"name\":\"Home\",\"item\":\"https:\\\/\\\/www.alt-edic.eu\\\/sk\",\"nextItem\":{\"@type\":\"ListItem\",\"@id\":\"https:\\\/\\\/www.alt-edic.eu\\\/sk\\\/category\\\/news\\\/#listItem\",\"name\":\"News\"}},{\"@type\":\"ListItem\",\"@id\":\"https:\\\/\\\/www.alt-edic.eu\\\/sk\\\/category\\\/news\\\/#listItem\",\"position\":2,\"name\":\"News\",\"item\":\"https:\\\/\\\/www.alt-edic.eu\\\/sk\\\/category\\\/news\\\/\",\"nextItem\":{\"@type\":\"ListItem\",\"@id\":\"https:\\\/\\\/www.alt-edic.eu\\\/sk\\\/news\\\/we-are-hiring\\\/#listItem\",\"name\":\"The ALT-EDIC is hiring\"},\"previousItem\":{\"@type\":\"ListItem\",\"@id\":\"https:\\\/\\\/www.alt-edic.eu\\\/sk#listItem\",\"name\":\"Home\"}},{\"@type\":\"ListItem\",\"@id\":\"https:\\\/\\\/www.alt-edic.eu\\\/sk\\\/news\\\/we-are-hiring\\\/#listItem\",\"position\":3,\"name\":\"The ALT-EDIC is hiring\",\"previousItem\":{\"@type\":\"ListItem\",\"@id\":\"https:\\\/\\\/www.alt-edic.eu\\\/sk\\\/category\\\/news\\\/#listItem\",\"name\":\"News\"}}]},{\"@type\":\"Organization\",\"@id\":\"https:\\\/\\\/www.alt-edic.eu\\\/sk\\\/#organization\",\"name\":\"ALT-EDIC Alliance for Language Technologies (ALT-EDIC)\",\"description\":\"Alliance for Language Technologies EDIC The Alliance for Language Technologies (ALT-EDIC) is a European Digital Infrastructure Consortium supporting the development of Language Technologies. It will promote excellence in language technologies and contribute to the preservation of Europe\\u2019s linguistic diversity and cultural richness.\",\"url\":\"https:\\\/\\\/www.alt-edic.eu\\\/sk\\\/\",\"email\":\"contact@alt-edic.eu\",\"telephone\":\"+33364924355\",\"foundingDate\":\"2024-02-01\",\"numberOfEmployees\":{\"@type\":\"QuantitativeValue\",\"minValue\":0,\"maxValue\":15},\"logo\":{\"@type\":\"ImageObject\",\"url\":\"https:\\\/\\\/www.alt-edic.eu\\\/wp-content\\\/uploads\\\/2024\\\/09\\\/logo_alt-edic_blue_on_white.png\",\"@id\":\"https:\\\/\\\/www.alt-edic.eu\\\/sk\\\/news\\\/we-are-hiring\\\/#organizationLogo\",\"width\":2779,\"height\":541,\"caption\":\"Logo Alt-Edic Blue\"},\"image\":{\"@id\":\"https:\\\/\\\/www.alt-edic.eu\\\/sk\\\/news\\\/we-are-hiring\\\/#organizationLogo\"},\"sameAs\":[\"https:\\\/\\\/www.linkedin.com\\\/company\\\/alt-edic\\\/\"]},{\"@type\":\"Person\",\"@id\":\"https:\\\/\\\/www.alt-edic.eu\\\/sk\\\/author\\\/news-alt-edic\\\/#author\",\"url\":\"https:\\\/\\\/www.alt-edic.eu\\\/sk\\\/author\\\/news-alt-edic\\\/\",\"name\":\"News ALT-EDIC\",\"image\":{\"@type\":\"ImageObject\",\"@id\":\"https:\\\/\\\/www.alt-edic.eu\\\/sk\\\/news\\\/we-are-hiring\\\/#authorImage\",\"url\":\"https:\\\/\\\/secure.gravatar.com\\\/avatar\\\/2f114008dcd1cfeab0b9b1818a54621d4d840e95a663efbbee5b8108ba8d6018?s=96&d=mm&r=g\",\"width\":96,\"height\":96,\"caption\":\"News ALT-EDIC\"}},{\"@type\":\"WebPage\",\"@id\":\"https:\\\/\\\/www.alt-edic.eu\\\/sk\\\/news\\\/we-are-hiring\\\/#webpage\",\"url\":\"https:\\\/\\\/www.alt-edic.eu\\\/sk\\\/news\\\/we-are-hiring\\\/\",\"name\":\"The ALT-EDIC is hiring \\u2013 ALT-EDIC\",\"description\":\"The Alliance for language technologies opens 7 positions to form its core team.\",\"inLanguage\":\"sk-SK\",\"isPartOf\":{\"@id\":\"https:\\\/\\\/www.alt-edic.eu\\\/sk\\\/#website\"},\"breadcrumb\":{\"@id\":\"https:\\\/\\\/www.alt-edic.eu\\\/sk\\\/news\\\/we-are-hiring\\\/#breadcrumblist\"},\"author\":{\"@id\":\"https:\\\/\\\/www.alt-edic.eu\\\/sk\\\/author\\\/news-alt-edic\\\/#author\"},\"creator\":{\"@id\":\"https:\\\/\\\/www.alt-edic.eu\\\/sk\\\/author\\\/news-alt-edic\\\/#author\"},\"image\":{\"@type\":\"ImageObject\",\"url\":\"https:\\\/\\\/www.alt-edic.eu\\\/wp-content\\\/uploads\\\/2024\\\/09\\\/hands-scaled-e1728744572266.jpg\",\"@id\":\"https:\\\/\\\/www.alt-edic.eu\\\/sk\\\/news\\\/we-are-hiring\\\/#mainImage\",\"width\":1800,\"height\":852,\"caption\":\"Hand check\"},\"primaryImageOfPage\":{\"@id\":\"https:\\\/\\\/www.alt-edic.eu\\\/sk\\\/news\\\/we-are-hiring\\\/#mainImage\"},\"datePublished\":\"2024-12-05T08:00:00+01:00\",\"dateModified\":\"2024-12-06T10:59:09+01:00\"},{\"@type\":\"WebSite\",\"@id\":\"https:\\\/\\\/www.alt-edic.eu\\\/sk\\\/#website\",\"url\":\"https:\\\/\\\/www.alt-edic.eu\\\/sk\\\/\",\"name\":\"ALT-EDIC Alliance for Language Technologies\",\"alternateName\":\"ALT-EDIC\",\"description\":\"Alliance for Language Technologies EDIC\",\"inLanguage\":\"sk-SK\",\"publisher\":{\"@id\":\"https:\\\/\\\/www.alt-edic.eu\\\/sk\\\/#organization\"}}]}\n\t\t<\/script>\n\t\t<!-- All in One SEO -->\n\n","aioseo_head_json":{"title":"The ALT-EDIC is hiring \u2013 ALT-EDIC","description":"The Alliance for language technologies opens 7 positions to form its core team.","canonical_url":"https:\/\/www.alt-edic.eu\/sk\/news\/we-are-hiring\/","robots":"max-image-preview:large","keywords":"","webmasterTools":{"miscellaneous":""},"schema":{"@context":"https:\/\/schema.org","@graph":[{"@type":"BlogPosting","@id":"https:\/\/www.alt-edic.eu\/sk\/news\/we-are-hiring\/#blogposting","name":"The ALT-EDIC is hiring \u2013 ALT-EDIC","headline":"The ALT-EDIC is hiring","author":{"@id":"https:\/\/www.alt-edic.eu\/sk\/author\/news-alt-edic\/#author"},"publisher":{"@id":"https:\/\/www.alt-edic.eu\/sk\/#organization"},"image":{"@type":"ImageObject","url":"https:\/\/www.alt-edic.eu\/wp-content\/uploads\/2024\/09\/hands-scaled-e1728744572266.jpg","width":1800,"height":852,"caption":"Hand check"},"datePublished":"2024-12-05T08:00:00+01:00","dateModified":"2024-12-06T10:59:09+01:00","inLanguage":"sk-SK","mainEntityOfPage":{"@id":"https:\/\/www.alt-edic.eu\/sk\/news\/we-are-hiring\/#webpage"},"isPartOf":{"@id":"https:\/\/www.alt-edic.eu\/sk\/news\/we-are-hiring\/#webpage"},"articleSection":"News, Recruitment"},{"@type":"BreadcrumbList","@id":"https:\/\/www.alt-edic.eu\/sk\/news\/we-are-hiring\/#breadcrumblist","itemListElement":[{"@type":"ListItem","@id":"https:\/\/www.alt-edic.eu\/sk#listItem","position":1,"name":"Home","item":"https:\/\/www.alt-edic.eu\/sk","nextItem":{"@type":"ListItem","@id":"https:\/\/www.alt-edic.eu\/sk\/category\/news\/#listItem","name":"News"}},{"@type":"ListItem","@id":"https:\/\/www.alt-edic.eu\/sk\/category\/news\/#listItem","position":2,"name":"News","item":"https:\/\/www.alt-edic.eu\/sk\/category\/news\/","nextItem":{"@type":"ListItem","@id":"https:\/\/www.alt-edic.eu\/sk\/news\/we-are-hiring\/#listItem","name":"The ALT-EDIC is hiring"},"previousItem":{"@type":"ListItem","@id":"https:\/\/www.alt-edic.eu\/sk#listItem","name":"Home"}},{"@type":"ListItem","@id":"https:\/\/www.alt-edic.eu\/sk\/news\/we-are-hiring\/#listItem","position":3,"name":"The ALT-EDIC is hiring","previousItem":{"@type":"ListItem","@id":"https:\/\/www.alt-edic.eu\/sk\/category\/news\/#listItem","name":"News"}}]},{"@type":"Organization","@id":"https:\/\/www.alt-edic.eu\/sk\/#organization","name":"ALT-EDIC Alliance for Language Technologies (ALT-EDIC)","description":"Alliance for Language Technologies EDIC The Alliance for Language Technologies (ALT-EDIC) is a European Digital Infrastructure Consortium supporting the development of Language Technologies. It will promote excellence in language technologies and contribute to the preservation of Europe\u2019s linguistic diversity and cultural richness.","url":"https:\/\/www.alt-edic.eu\/sk\/","email":"contact@alt-edic.eu","telephone":"+33364924355","foundingDate":"2024-02-01","numberOfEmployees":{"@type":"QuantitativeValue","minValue":0,"maxValue":15},"logo":{"@type":"ImageObject","url":"https:\/\/www.alt-edic.eu\/wp-content\/uploads\/2024\/09\/logo_alt-edic_blue_on_white.png","@id":"https:\/\/www.alt-edic.eu\/sk\/news\/we-are-hiring\/#organizationLogo","width":2779,"height":541,"caption":"Logo Alt-Edic Blue"},"image":{"@id":"https:\/\/www.alt-edic.eu\/sk\/news\/we-are-hiring\/#organizationLogo"},"sameAs":["https:\/\/www.linkedin.com\/company\/alt-edic\/"]},{"@type":"Person","@id":"https:\/\/www.alt-edic.eu\/sk\/author\/news-alt-edic\/#author","url":"https:\/\/www.alt-edic.eu\/sk\/author\/news-alt-edic\/","name":"News ALT-EDIC","image":{"@type":"ImageObject","@id":"https:\/\/www.alt-edic.eu\/sk\/news\/we-are-hiring\/#authorImage","url":"https:\/\/secure.gravatar.com\/avatar\/2f114008dcd1cfeab0b9b1818a54621d4d840e95a663efbbee5b8108ba8d6018?s=96&d=mm&r=g","width":96,"height":96,"caption":"News ALT-EDIC"}},{"@type":"WebPage","@id":"https:\/\/www.alt-edic.eu\/sk\/news\/we-are-hiring\/#webpage","url":"https:\/\/www.alt-edic.eu\/sk\/news\/we-are-hiring\/","name":"The ALT-EDIC is hiring \u2013 ALT-EDIC","description":"The Alliance for language technologies opens 7 positions to form its core team.","inLanguage":"sk-SK","isPartOf":{"@id":"https:\/\/www.alt-edic.eu\/sk\/#website"},"breadcrumb":{"@id":"https:\/\/www.alt-edic.eu\/sk\/news\/we-are-hiring\/#breadcrumblist"},"author":{"@id":"https:\/\/www.alt-edic.eu\/sk\/author\/news-alt-edic\/#author"},"creator":{"@id":"https:\/\/www.alt-edic.eu\/sk\/author\/news-alt-edic\/#author"},"image":{"@type":"ImageObject","url":"https:\/\/www.alt-edic.eu\/wp-content\/uploads\/2024\/09\/hands-scaled-e1728744572266.jpg","@id":"https:\/\/www.alt-edic.eu\/sk\/news\/we-are-hiring\/#mainImage","width":1800,"height":852,"caption":"Hand check"},"primaryImageOfPage":{"@id":"https:\/\/www.alt-edic.eu\/sk\/news\/we-are-hiring\/#mainImage"},"datePublished":"2024-12-05T08:00:00+01:00","dateModified":"2024-12-06T10:59:09+01:00"},{"@type":"WebSite","@id":"https:\/\/www.alt-edic.eu\/sk\/#website","url":"https:\/\/www.alt-edic.eu\/sk\/","name":"ALT-EDIC Alliance for Language Technologies","alternateName":"ALT-EDIC","description":"Alliance for Language Technologies EDIC","inLanguage":"sk-SK","publisher":{"@id":"https:\/\/www.alt-edic.eu\/sk\/#organization"}}]},"og:locale":"sk_SK","og:site_name":"ALT-EDIC \u2013 Alliance for Language Technologies EDIC","og:type":"article","og:title":"The ALT-EDIC is hiring \u2013 ALT-EDIC","og:description":"The Alliance for language technologies opens 7 positions to form its core team.","og:url":"https:\/\/www.alt-edic.eu\/sk\/news\/we-are-hiring\/","article:published_time":"2024-12-05T08:00:00+00:00","article:modified_time":"2024-12-06T10:59:09+00:00","twitter:card":"summary_large_image","twitter:title":"The ALT-EDIC is hiring \u2013 ALT-EDIC","twitter:description":"The Alliance for language technologies opens 7 positions to form its core team."},"aioseo_meta_data":{"post_id":"51","title":null,"description":null,"keywords":null,"keyphrases":{"focus":{"keyphrase":"","score":0,"analysis":{"keyphraseInTitle":{"score":0,"maxScore":9,"error":1}}},"additional":[]},"primary_term":null,"canonical_url":null,"og_title":null,"og_description":null,"og_object_type":"default","og_image_type":"default","og_image_url":null,"og_image_width":null,"og_image_height":null,"og_image_custom_url":null,"og_image_custom_fields":null,"og_video":"","og_custom_url":null,"og_article_section":null,"og_article_tags":null,"twitter_use_og":false,"twitter_card":"default","twitter_image_type":"default","twitter_image_url":null,"twitter_image_custom_url":null,"twitter_image_custom_fields":null,"twitter_title":null,"twitter_description":null,"schema":{"blockGraphs":[],"customGraphs":[],"default":{"data":{"Article":[],"Course":[],"Dataset":[],"FAQPage":[],"Movie":[],"Person":[],"Product":[],"ProductReview":[],"Car":[],"Recipe":[],"Service":[],"SoftwareApplication":[],"WebPage":[]},"graphName":"BlogPosting","isEnabled":true},"graphs":[]},"schema_type":"default","schema_type_options":null,"pillar_content":false,"robots_default":true,"robots_noindex":false,"robots_noarchive":false,"robots_nosnippet":false,"robots_nofollow":false,"robots_noimageindex":false,"robots_noodp":false,"robots_notranslate":false,"robots_max_snippet":"-1","robots_max_videopreview":"-1","robots_max_imagepreview":"large","priority":null,"frequency":"default","local_seo":null,"breadcrumb_settings":null,"limit_modified_date":false,"ai":null,"created":"2024-08-18 16:41:27","updated":"2025-06-10 20:38:12","seo_analyzer_scan_date":null,"focus_keyword":null,"additional_keywords":null,"truseo_locale":null},"aioseo_breadcrumb":"<div class=\"aioseo-breadcrumbs\"><span class=\"aioseo-breadcrumb\">\n\t\t\t<a href=\"https:\/\/www.alt-edic.eu\/sk\" title=\"Home\">Home<\/a>\n\t\t<\/span><span class=\"aioseo-breadcrumb-separator\">\/<\/span><span class=\"aioseo-breadcrumb\">\n\t\t\t<a href=\"https:\/\/www.alt-edic.eu\/sk\/category\/news\/\" title=\"News\">News<\/a>\n\t\t<\/span><span class=\"aioseo-breadcrumb-separator\">\/<\/span><span class=\"aioseo-breadcrumb\">\n\t\t\tThe ALT-EDIC is hiring\n\t\t<\/span><\/div>","aioseo_breadcrumb_json":[{"label":"Home","link":"https:\/\/www.alt-edic.eu\/sk"},{"label":"News","link":"https:\/\/www.alt-edic.eu\/sk\/category\/news\/"},{"label":"The ALT-EDIC is hiring","link":"https:\/\/www.alt-edic.eu\/sk\/news\/we-are-hiring\/"}],"_links":{"self":[{"href":"https:\/\/www.alt-edic.eu\/sk\/wp-json\/wp\/v2\/posts\/51","targetHints":{"allow":["GET"]}}],"collection":[{"href":"https:\/\/www.alt-edic.eu\/sk\/wp-json\/wp\/v2\/posts"}],"about":[{"href":"https:\/\/www.alt-edic.eu\/sk\/wp-json\/wp\/v2\/types\/post"}],"author":[{"embeddable":true,"href":"https:\/\/www.alt-edic.eu\/sk\/wp-json\/wp\/v2\/users\/32"}],"replies":[{"embeddable":true,"href":"https:\/\/www.alt-edic.eu\/sk\/wp-json\/wp\/v2\/comments?post=51"}],"version-history":[{"count":0,"href":"https:\/\/www.alt-edic.eu\/sk\/wp-json\/wp\/v2\/posts\/51\/revisions"}],"wp:featuredmedia":[{"embeddable":true,"href":"https:\/\/www.alt-edic.eu\/sk\/wp-json\/wp\/v2\/media\/9001"}],"wp:attachment":[{"href":"https:\/\/www.alt-edic.eu\/sk\/wp-json\/wp\/v2\/media?parent=51"}],"wp:term":[{"taxonomy":"category","embeddable":true,"href":"https:\/\/www.alt-edic.eu\/sk\/wp-json\/wp\/v2\/categories?post=51"},{"taxonomy":"post_tag","embeddable":true,"href":"https:\/\/www.alt-edic.eu\/sk\/wp-json\/wp\/v2\/tags?post=51"}],"curies":[{"name":"wp","href":"https:\/\/api.w.org\/{rel}","templated":true}]}}