{"id":9618,"date":"2024-12-05T06:00:00","date_gmt":"2024-12-05T06:00:00","guid":{"rendered":"https:\/\/alt-edic.eu\/?p=9618"},"modified":"2024-12-13T10:51:10","modified_gmt":"2024-12-13T09:51:10","slug":"the-alt-edic-appoints-its-director","status":"publish","type":"post","link":"https:\/\/www.alt-edic.eu\/ro\/news\/the-alt-edic-appoints-its-director\/","title":{"rendered":"<p>ALT-EDIC \u00ee\u0219i nume\u0219te directorul<\/p>"},"content":{"rendered":"<div data-elementor-type=\"wp-post\" data-elementor-id=\"9618\" class=\"elementor elementor-9618\" data-elementor-post-type=\"post\">\n\t\t\t\t<div class=\"elementor-element elementor-element-1d3db17b e-flex e-con-boxed e-con e-parent\" data-id=\"1d3db17b\" data-element_type=\"container\" data-e-type=\"container\">\n\t\t\t\t\t<div class=\"e-con-inner\">\n\t\t\t\t<div class=\"elementor-element elementor-element-2ffcf7d3 elementor-widget elementor-widget-text-editor\" data-id=\"2ffcf7d3\" data-element_type=\"widget\" data-e-type=\"widget\" data-widget_type=\"text-editor.default\">\n\t\t\t\t<div class=\"elementor-widget-container\">\n\t\t\t\t\t\t\t\t\t<p>ALT-EDIC are pl\u0103cerea de a anun\u021ba numirea primului s\u0103u director, Edouard Geoffrois. El \u00ee\u0219i va prelua postul la 1 ianuarie 2025, prelu\u00e2nd func\u021bia de la pre\u0219edintele adun\u0103rii membrilor ALT-EDIC, Tibault Grouas, care a de\u021binut func\u021bia de director p\u00e2n\u0103 atunci.<\/p>\n<p><!-- \/wp:paragraph --><!-- wp:paragraph --><\/p>\n<p>Directorul este responsabil de recrutarea echipei ALT-EDIC \u0219i va gestiona activit\u0103\u021bile \u0219i opera\u021biunile ALT-EDIC. El va asigura colaborarea cu diferitele p\u0103r\u021bi interesate ale ALT-EDIC, inclusiv Adunarea membrilor, Comitetul de orientare strategic\u0103 \u0219i industriile. El va fi, de asemenea, responsabil de orientarea dezvolt\u0103rii ALT-EDIC c\u0103tre servicii pe deplin mature \u0219i opera\u021bionale, \u00een conformitate cu programul de politic\u0103 pentru 2030 privind deceniul digital.<\/p>\n<p>Edouard Geoffrois are un doctorat pe tema recunoa\u0219terii automate a vorbirii \u0219i a creat activit\u0103\u021bile privind tehnologiile lingvistice la Ministerul francez al Ap\u0103r\u0103rii. A coordonat cooper\u0103ri multina\u021bionale cu sprijinul UE (ERA-NET) \u00een domeniul tehnologiilor informa\u021biei \u0219i comunica\u021biilor \u00een cadrul Agen\u021biei Na\u021bionale de Cercetare din Fran\u021ba (ANR), iar din 2019 lucreaz\u0103 la Comisia European\u0103 cu privire la Fondul european de ap\u0103rare, cu accent pe inteligen\u021ba artificial\u0103. Are o vast\u0103 experien\u021b\u0103 \u00een crearea \u0219i gestionarea datelor lingvistice \u0219i \u00een conceperea \u0219i organizarea campaniilor de evaluare, precum \u0219i \u00een gestionarea programelor complexe de cercetare \u0219i dezvoltare.<\/p>\n<p><!-- \/wp:paragraph --><!-- wp:paragraph --><\/p>\n<p>Edouard Geoffrois: \u201e <em>Odat\u0103 cu apari\u021bia unor modele lingvistice de mare performan\u021b\u0103 \u0219i a IA generative, cu lansarea unor modele de ultim\u0103 genera\u021bie cu surs\u0103 deschis\u0103 \u0219i cu apari\u021bia unor modele de baz\u0103 care pot fi adaptate de p\u0103r\u021bi ter\u021be \u0219i de utilizatori, domeniul tehnologiilor limbajului se mi\u0219c\u0103 rapid. Dezvoltarea acestor tehnologii \u00een Europa este foarte activ\u0103 \u0219i, mai mult ca oric\u00e2nd, pentru a asigura eficien\u021ba acestei dezvolt\u0103ri, este nevoie de resurse lingvistice comune \u0219i de unificarea eforturilor de dezvoltare. \u00cen calitate de entitate european\u0103 cu o misiune public\u0103 de a servi comunitatea LT, ALT-EDIC este perfect potrivit\u0103 pentru a aborda aceste lacune.<\/em> \u00bb<\/p>\n<p><!-- \/wp:paragraph --><!-- wp:paragraph --><\/p>\n<p><!-- \/wp:paragraph --><\/p>\t\t\t\t\t\t\t\t<\/div>\n\t\t\t\t<\/div>\n\t\t\t\t\t<\/div>\n\t\t\t\t<\/div>\n\t\t\t\t<\/div>","protected":false},"excerpt":{"rendered":"<p>Edouard Geoffrois va aduce la ALT-EDIC expertiza sa \u00een domeniul tehnologiilor lingvistice \u0219i experien\u021ba sa \u00een managementul programelor R&amp;D \u0219i cooperarea european\u0103.  <\/p>","protected":false},"author":32,"featured_media":10236,"comment_status":"closed","ping_status":"open","sticky":false,"template":"","format":"standard","meta":{"footnotes":""},"categories":[189],"tags":[],"class_list":["post-9618","post","type-post","status-publish","format-standard","has-post-thumbnail","hentry","category-news"],"aioseo_notices":[],"aioseo_head":"\n\t\t<!-- All in One SEO 5.0.0.1 - aioseo.com -->\n\t<meta name=\"description\" content=\"Edouard Geoffrois will bring to the ALT-EDIC his expertise in Language Technologies and his experience in R&amp;D programme management and European cooperation.\" \/>\n\t<meta name=\"robots\" content=\"max-image-preview:large\" \/>\n\t<meta name=\"author\" content=\"News ALT-EDIC\"\/>\n\t<link rel=\"canonical\" href=\"https:\/\/www.alt-edic.eu\/ro\/news\/the-alt-edic-appoints-its-director\/\" \/>\n\t<meta name=\"generator\" content=\"All in One SEO (AIOSEO) 5.0.0.1\" \/>\n\t\t<meta property=\"og:locale\" content=\"ro_RO\" \/>\n\t\t<meta property=\"og:site_name\" content=\"ALT-EDIC \u2013 Alliance for Language Technologies EDIC\" \/>\n\t\t<meta property=\"og:type\" content=\"article\" \/>\n\t\t<meta property=\"og:title\" content=\"The ALT-EDIC appoints its director \u2013 ALT-EDIC\" \/>\n\t\t<meta property=\"og:description\" content=\"Edouard Geoffrois will bring to the ALT-EDIC his expertise in Language Technologies and his experience in R&amp;D programme management and European cooperation.\" \/>\n\t\t<meta property=\"og:url\" content=\"https:\/\/www.alt-edic.eu\/ro\/news\/the-alt-edic-appoints-its-director\/\" \/>\n\t\t<meta property=\"article:published_time\" content=\"2024-12-05T06:00:00+00:00\" \/>\n\t\t<meta property=\"article:modified_time\" content=\"2024-12-13T09:51:10+00:00\" \/>\n\t\t<meta name=\"twitter:card\" content=\"summary_large_image\" \/>\n\t\t<meta name=\"twitter:title\" content=\"The ALT-EDIC appoints its director \u2013 ALT-EDIC\" \/>\n\t\t<meta name=\"twitter:description\" content=\"Edouard Geoffrois will bring to the ALT-EDIC his expertise in Language Technologies and his experience in R&amp;D programme management and European cooperation.\" \/>\n\t\t<script type=\"application\/ld+json\" class=\"aioseo-schema\">\n\t\t\t{\"@context\":\"https:\\\/\\\/schema.org\",\"@graph\":[{\"@type\":\"BlogPosting\",\"@id\":\"https:\\\/\\\/www.alt-edic.eu\\\/ro\\\/news\\\/the-alt-edic-appoints-its-director\\\/#blogposting\",\"name\":\"The ALT-EDIC appoints its director \\u2013 ALT-EDIC\",\"headline\":\"The ALT-EDIC appoints its director\",\"author\":{\"@id\":\"https:\\\/\\\/www.alt-edic.eu\\\/ro\\\/author\\\/news-alt-edic\\\/#author\"},\"publisher\":{\"@id\":\"https:\\\/\\\/www.alt-edic.eu\\\/ro\\\/#organization\"},\"image\":{\"@type\":\"ImageObject\",\"url\":\"https:\\\/\\\/www.alt-edic.eu\\\/wp-content\\\/uploads\\\/2024\\\/12\\\/photo_geoffrois.jpg\",\"width\":403,\"height\":482,\"caption\":\"Geoffrois Edouard Alt edic\"},\"datePublished\":\"2024-12-05T06:00:00+01:00\",\"dateModified\":\"2024-12-13T10:51:10+01:00\",\"inLanguage\":\"ro-RO\",\"mainEntityOfPage\":{\"@id\":\"https:\\\/\\\/www.alt-edic.eu\\\/ro\\\/news\\\/the-alt-edic-appoints-its-director\\\/#webpage\"},\"isPartOf\":{\"@id\":\"https:\\\/\\\/www.alt-edic.eu\\\/ro\\\/news\\\/the-alt-edic-appoints-its-director\\\/#webpage\"},\"articleSection\":\"News\"},{\"@type\":\"BreadcrumbList\",\"@id\":\"https:\\\/\\\/www.alt-edic.eu\\\/ro\\\/news\\\/the-alt-edic-appoints-its-director\\\/#breadcrumblist\",\"itemListElement\":[{\"@type\":\"ListItem\",\"@id\":\"https:\\\/\\\/www.alt-edic.eu\\\/ro#listItem\",\"position\":1,\"name\":\"Home\",\"item\":\"https:\\\/\\\/www.alt-edic.eu\\\/ro\",\"nextItem\":{\"@type\":\"ListItem\",\"@id\":\"https:\\\/\\\/www.alt-edic.eu\\\/ro\\\/category\\\/news\\\/#listItem\",\"name\":\"News\"}},{\"@type\":\"ListItem\",\"@id\":\"https:\\\/\\\/www.alt-edic.eu\\\/ro\\\/category\\\/news\\\/#listItem\",\"position\":2,\"name\":\"News\",\"item\":\"https:\\\/\\\/www.alt-edic.eu\\\/ro\\\/category\\\/news\\\/\",\"nextItem\":{\"@type\":\"ListItem\",\"@id\":\"https:\\\/\\\/www.alt-edic.eu\\\/ro\\\/news\\\/the-alt-edic-appoints-its-director\\\/#listItem\",\"name\":\"The ALT-EDIC appoints its director\"},\"previousItem\":{\"@type\":\"ListItem\",\"@id\":\"https:\\\/\\\/www.alt-edic.eu\\\/ro#listItem\",\"name\":\"Home\"}},{\"@type\":\"ListItem\",\"@id\":\"https:\\\/\\\/www.alt-edic.eu\\\/ro\\\/news\\\/the-alt-edic-appoints-its-director\\\/#listItem\",\"position\":3,\"name\":\"The ALT-EDIC appoints its director\",\"previousItem\":{\"@type\":\"ListItem\",\"@id\":\"https:\\\/\\\/www.alt-edic.eu\\\/ro\\\/category\\\/news\\\/#listItem\",\"name\":\"News\"}}]},{\"@type\":\"Organization\",\"@id\":\"https:\\\/\\\/www.alt-edic.eu\\\/ro\\\/#organization\",\"name\":\"ALT-EDIC Alliance for Language Technologies (ALT-EDIC)\",\"description\":\"Alliance for Language Technologies EDIC The Alliance for Language Technologies (ALT-EDIC) is a European Digital Infrastructure Consortium supporting the development of Language Technologies. It will promote excellence in language technologies and contribute to the preservation of Europe\\u2019s linguistic diversity and cultural richness.\",\"url\":\"https:\\\/\\\/www.alt-edic.eu\\\/ro\\\/\",\"email\":\"contact@alt-edic.eu\",\"telephone\":\"+33364924355\",\"foundingDate\":\"2024-02-01\",\"numberOfEmployees\":{\"@type\":\"QuantitativeValue\",\"minValue\":0,\"maxValue\":15},\"logo\":{\"@type\":\"ImageObject\",\"url\":\"https:\\\/\\\/www.alt-edic.eu\\\/wp-content\\\/uploads\\\/2024\\\/09\\\/logo_alt-edic_blue_on_white.png\",\"@id\":\"https:\\\/\\\/www.alt-edic.eu\\\/ro\\\/news\\\/the-alt-edic-appoints-its-director\\\/#organizationLogo\",\"width\":2779,\"height\":541,\"caption\":\"Logo Alt-Edic Blue\"},\"image\":{\"@id\":\"https:\\\/\\\/www.alt-edic.eu\\\/ro\\\/news\\\/the-alt-edic-appoints-its-director\\\/#organizationLogo\"},\"sameAs\":[\"https:\\\/\\\/www.linkedin.com\\\/company\\\/alt-edic\\\/\"]},{\"@type\":\"Person\",\"@id\":\"https:\\\/\\\/www.alt-edic.eu\\\/ro\\\/author\\\/news-alt-edic\\\/#author\",\"url\":\"https:\\\/\\\/www.alt-edic.eu\\\/ro\\\/author\\\/news-alt-edic\\\/\",\"name\":\"News ALT-EDIC\",\"image\":{\"@type\":\"ImageObject\",\"@id\":\"https:\\\/\\\/www.alt-edic.eu\\\/ro\\\/news\\\/the-alt-edic-appoints-its-director\\\/#authorImage\",\"url\":\"https:\\\/\\\/secure.gravatar.com\\\/avatar\\\/2f114008dcd1cfeab0b9b1818a54621d4d840e95a663efbbee5b8108ba8d6018?s=96&d=mm&r=g\",\"width\":96,\"height\":96,\"caption\":\"News ALT-EDIC\"}},{\"@type\":\"WebPage\",\"@id\":\"https:\\\/\\\/www.alt-edic.eu\\\/ro\\\/news\\\/the-alt-edic-appoints-its-director\\\/#webpage\",\"url\":\"https:\\\/\\\/www.alt-edic.eu\\\/ro\\\/news\\\/the-alt-edic-appoints-its-director\\\/\",\"name\":\"The ALT-EDIC appoints its director \\u2013 ALT-EDIC\",\"description\":\"Edouard Geoffrois will bring to the ALT-EDIC his expertise in Language Technologies and his experience in R&D programme management and European cooperation.\",\"inLanguage\":\"ro-RO\",\"isPartOf\":{\"@id\":\"https:\\\/\\\/www.alt-edic.eu\\\/ro\\\/#website\"},\"breadcrumb\":{\"@id\":\"https:\\\/\\\/www.alt-edic.eu\\\/ro\\\/news\\\/the-alt-edic-appoints-its-director\\\/#breadcrumblist\"},\"author\":{\"@id\":\"https:\\\/\\\/www.alt-edic.eu\\\/ro\\\/author\\\/news-alt-edic\\\/#author\"},\"creator\":{\"@id\":\"https:\\\/\\\/www.alt-edic.eu\\\/ro\\\/author\\\/news-alt-edic\\\/#author\"},\"image\":{\"@type\":\"ImageObject\",\"url\":\"https:\\\/\\\/www.alt-edic.eu\\\/wp-content\\\/uploads\\\/2024\\\/12\\\/photo_geoffrois.jpg\",\"@id\":\"https:\\\/\\\/www.alt-edic.eu\\\/ro\\\/news\\\/the-alt-edic-appoints-its-director\\\/#mainImage\",\"width\":403,\"height\":482,\"caption\":\"Geoffrois Edouard Alt edic\"},\"primaryImageOfPage\":{\"@id\":\"https:\\\/\\\/www.alt-edic.eu\\\/ro\\\/news\\\/the-alt-edic-appoints-its-director\\\/#mainImage\"},\"datePublished\":\"2024-12-05T06:00:00+01:00\",\"dateModified\":\"2024-12-13T10:51:10+01:00\"},{\"@type\":\"WebSite\",\"@id\":\"https:\\\/\\\/www.alt-edic.eu\\\/ro\\\/#website\",\"url\":\"https:\\\/\\\/www.alt-edic.eu\\\/ro\\\/\",\"name\":\"ALT-EDIC Alliance for Language Technologies\",\"alternateName\":\"ALT-EDIC\",\"description\":\"Alliance for Language Technologies EDIC\",\"inLanguage\":\"ro-RO\",\"publisher\":{\"@id\":\"https:\\\/\\\/www.alt-edic.eu\\\/ro\\\/#organization\"}}]}\n\t\t<\/script>\n\t\t<!-- All in One SEO -->\n\n","aioseo_head_json":{"title":"The ALT-EDIC appoints its director \u2013 ALT-EDIC","description":"Edouard Geoffrois will bring to the ALT-EDIC his expertise in Language Technologies and his experience in R&D programme management and European cooperation.","canonical_url":"https:\/\/www.alt-edic.eu\/ro\/news\/the-alt-edic-appoints-its-director\/","robots":"max-image-preview:large","keywords":"","webmasterTools":{"miscellaneous":""},"schema":{"@context":"https:\/\/schema.org","@graph":[{"@type":"BlogPosting","@id":"https:\/\/www.alt-edic.eu\/ro\/news\/the-alt-edic-appoints-its-director\/#blogposting","name":"The ALT-EDIC appoints its director \u2013 ALT-EDIC","headline":"The ALT-EDIC appoints its director","author":{"@id":"https:\/\/www.alt-edic.eu\/ro\/author\/news-alt-edic\/#author"},"publisher":{"@id":"https:\/\/www.alt-edic.eu\/ro\/#organization"},"image":{"@type":"ImageObject","url":"https:\/\/www.alt-edic.eu\/wp-content\/uploads\/2024\/12\/photo_geoffrois.jpg","width":403,"height":482,"caption":"Geoffrois Edouard Alt edic"},"datePublished":"2024-12-05T06:00:00+01:00","dateModified":"2024-12-13T10:51:10+01:00","inLanguage":"ro-RO","mainEntityOfPage":{"@id":"https:\/\/www.alt-edic.eu\/ro\/news\/the-alt-edic-appoints-its-director\/#webpage"},"isPartOf":{"@id":"https:\/\/www.alt-edic.eu\/ro\/news\/the-alt-edic-appoints-its-director\/#webpage"},"articleSection":"News"},{"@type":"BreadcrumbList","@id":"https:\/\/www.alt-edic.eu\/ro\/news\/the-alt-edic-appoints-its-director\/#breadcrumblist","itemListElement":[{"@type":"ListItem","@id":"https:\/\/www.alt-edic.eu\/ro#listItem","position":1,"name":"Home","item":"https:\/\/www.alt-edic.eu\/ro","nextItem":{"@type":"ListItem","@id":"https:\/\/www.alt-edic.eu\/ro\/category\/news\/#listItem","name":"News"}},{"@type":"ListItem","@id":"https:\/\/www.alt-edic.eu\/ro\/category\/news\/#listItem","position":2,"name":"News","item":"https:\/\/www.alt-edic.eu\/ro\/category\/news\/","nextItem":{"@type":"ListItem","@id":"https:\/\/www.alt-edic.eu\/ro\/news\/the-alt-edic-appoints-its-director\/#listItem","name":"The ALT-EDIC appoints its director"},"previousItem":{"@type":"ListItem","@id":"https:\/\/www.alt-edic.eu\/ro#listItem","name":"Home"}},{"@type":"ListItem","@id":"https:\/\/www.alt-edic.eu\/ro\/news\/the-alt-edic-appoints-its-director\/#listItem","position":3,"name":"The ALT-EDIC appoints its director","previousItem":{"@type":"ListItem","@id":"https:\/\/www.alt-edic.eu\/ro\/category\/news\/#listItem","name":"News"}}]},{"@type":"Organization","@id":"https:\/\/www.alt-edic.eu\/ro\/#organization","name":"ALT-EDIC Alliance for Language Technologies (ALT-EDIC)","description":"Alliance for Language Technologies EDIC The Alliance for Language Technologies (ALT-EDIC) is a European Digital Infrastructure Consortium supporting the development of Language Technologies. It will promote excellence in language technologies and contribute to the preservation of Europe\u2019s linguistic diversity and cultural richness.","url":"https:\/\/www.alt-edic.eu\/ro\/","email":"contact@alt-edic.eu","telephone":"+33364924355","foundingDate":"2024-02-01","numberOfEmployees":{"@type":"QuantitativeValue","minValue":0,"maxValue":15},"logo":{"@type":"ImageObject","url":"https:\/\/www.alt-edic.eu\/wp-content\/uploads\/2024\/09\/logo_alt-edic_blue_on_white.png","@id":"https:\/\/www.alt-edic.eu\/ro\/news\/the-alt-edic-appoints-its-director\/#organizationLogo","width":2779,"height":541,"caption":"Logo Alt-Edic Blue"},"image":{"@id":"https:\/\/www.alt-edic.eu\/ro\/news\/the-alt-edic-appoints-its-director\/#organizationLogo"},"sameAs":["https:\/\/www.linkedin.com\/company\/alt-edic\/"]},{"@type":"Person","@id":"https:\/\/www.alt-edic.eu\/ro\/author\/news-alt-edic\/#author","url":"https:\/\/www.alt-edic.eu\/ro\/author\/news-alt-edic\/","name":"News ALT-EDIC","image":{"@type":"ImageObject","@id":"https:\/\/www.alt-edic.eu\/ro\/news\/the-alt-edic-appoints-its-director\/#authorImage","url":"https:\/\/secure.gravatar.com\/avatar\/2f114008dcd1cfeab0b9b1818a54621d4d840e95a663efbbee5b8108ba8d6018?s=96&d=mm&r=g","width":96,"height":96,"caption":"News ALT-EDIC"}},{"@type":"WebPage","@id":"https:\/\/www.alt-edic.eu\/ro\/news\/the-alt-edic-appoints-its-director\/#webpage","url":"https:\/\/www.alt-edic.eu\/ro\/news\/the-alt-edic-appoints-its-director\/","name":"The ALT-EDIC appoints its director \u2013 ALT-EDIC","description":"Edouard Geoffrois will bring to the ALT-EDIC his expertise in Language Technologies and his experience in R&D programme management and European cooperation.","inLanguage":"ro-RO","isPartOf":{"@id":"https:\/\/www.alt-edic.eu\/ro\/#website"},"breadcrumb":{"@id":"https:\/\/www.alt-edic.eu\/ro\/news\/the-alt-edic-appoints-its-director\/#breadcrumblist"},"author":{"@id":"https:\/\/www.alt-edic.eu\/ro\/author\/news-alt-edic\/#author"},"creator":{"@id":"https:\/\/www.alt-edic.eu\/ro\/author\/news-alt-edic\/#author"},"image":{"@type":"ImageObject","url":"https:\/\/www.alt-edic.eu\/wp-content\/uploads\/2024\/12\/photo_geoffrois.jpg","@id":"https:\/\/www.alt-edic.eu\/ro\/news\/the-alt-edic-appoints-its-director\/#mainImage","width":403,"height":482,"caption":"Geoffrois Edouard Alt edic"},"primaryImageOfPage":{"@id":"https:\/\/www.alt-edic.eu\/ro\/news\/the-alt-edic-appoints-its-director\/#mainImage"},"datePublished":"2024-12-05T06:00:00+01:00","dateModified":"2024-12-13T10:51:10+01:00"},{"@type":"WebSite","@id":"https:\/\/www.alt-edic.eu\/ro\/#website","url":"https:\/\/www.alt-edic.eu\/ro\/","name":"ALT-EDIC Alliance for Language Technologies","alternateName":"ALT-EDIC","description":"Alliance for Language Technologies EDIC","inLanguage":"ro-RO","publisher":{"@id":"https:\/\/www.alt-edic.eu\/ro\/#organization"}}]},"og:locale":"ro_RO","og:site_name":"ALT-EDIC \u2013 Alliance for Language Technologies EDIC","og:type":"article","og:title":"The ALT-EDIC appoints its director \u2013 ALT-EDIC","og:description":"Edouard Geoffrois will bring to the ALT-EDIC his expertise in Language Technologies and his experience in R&amp;D programme management and European cooperation.","og:url":"https:\/\/www.alt-edic.eu\/ro\/news\/the-alt-edic-appoints-its-director\/","article:published_time":"2024-12-05T06:00:00+00:00","article:modified_time":"2024-12-13T09:51:10+00:00","twitter:card":"summary_large_image","twitter:title":"The ALT-EDIC appoints its director \u2013 ALT-EDIC","twitter:description":"Edouard Geoffrois will bring to the ALT-EDIC his expertise in Language Technologies and his experience in R&amp;D programme management and European cooperation."},"aioseo_meta_data":{"post_id":"9618","title":null,"description":null,"keywords":null,"keyphrases":{"focus":{"keyphrase":"","score":0,"analysis":{"keyphraseInTitle":{"score":0,"maxScore":9,"error":1}}},"additional":[]},"primary_term":null,"canonical_url":null,"og_title":null,"og_description":null,"og_object_type":"default","og_image_type":"default","og_image_url":null,"og_image_width":null,"og_image_height":null,"og_image_custom_url":null,"og_image_custom_fields":null,"og_video":"","og_custom_url":null,"og_article_section":null,"og_article_tags":null,"twitter_use_og":false,"twitter_card":"default","twitter_image_type":"default","twitter_image_url":null,"twitter_image_custom_url":null,"twitter_image_custom_fields":null,"twitter_title":null,"twitter_description":null,"schema":{"blockGraphs":[],"customGraphs":[],"default":{"data":{"Article":[],"Course":[],"Dataset":[],"FAQPage":[],"Movie":[],"Person":[],"Product":[],"ProductReview":[],"Car":[],"Recipe":[],"Service":[],"SoftwareApplication":[],"WebPage":[]},"graphName":"BlogPosting","isEnabled":true},"graphs":[]},"schema_type":"default","schema_type_options":null,"pillar_content":false,"robots_default":true,"robots_noindex":false,"robots_noarchive":false,"robots_nosnippet":false,"robots_nofollow":false,"robots_noimageindex":false,"robots_noodp":false,"robots_notranslate":false,"robots_max_snippet":"-1","robots_max_videopreview":"-1","robots_max_imagepreview":"large","priority":null,"frequency":"default","local_seo":null,"breadcrumb_settings":null,"limit_modified_date":false,"ai":null,"created":"2024-11-18 14:34:02","updated":"2025-06-10 20:37:13","seo_analyzer_scan_date":null,"focus_keyword":null,"additional_keywords":null,"truseo_locale":null},"aioseo_breadcrumb":"<div class=\"aioseo-breadcrumbs\"><span class=\"aioseo-breadcrumb\">\n\t\t\t<a href=\"https:\/\/www.alt-edic.eu\/ro\" title=\"Home\">Home<\/a>\n\t\t<\/span><span class=\"aioseo-breadcrumb-separator\">\/<\/span><span class=\"aioseo-breadcrumb\">\n\t\t\t<a href=\"https:\/\/www.alt-edic.eu\/ro\/category\/news\/\" title=\"News\">News<\/a>\n\t\t<\/span><span class=\"aioseo-breadcrumb-separator\">\/<\/span><span class=\"aioseo-breadcrumb\">\n\t\t\tThe ALT-EDIC appoints its director\n\t\t<\/span><\/div>","aioseo_breadcrumb_json":[{"label":"Home","link":"https:\/\/www.alt-edic.eu\/ro"},{"label":"News","link":"https:\/\/www.alt-edic.eu\/ro\/category\/news\/"},{"label":"The ALT-EDIC appoints its director","link":"https:\/\/www.alt-edic.eu\/ro\/news\/the-alt-edic-appoints-its-director\/"}],"_links":{"self":[{"href":"https:\/\/www.alt-edic.eu\/ro\/wp-json\/wp\/v2\/posts\/9618","targetHints":{"allow":["GET"]}}],"collection":[{"href":"https:\/\/www.alt-edic.eu\/ro\/wp-json\/wp\/v2\/posts"}],"about":[{"href":"https:\/\/www.alt-edic.eu\/ro\/wp-json\/wp\/v2\/types\/post"}],"author":[{"embeddable":true,"href":"https:\/\/www.alt-edic.eu\/ro\/wp-json\/wp\/v2\/users\/32"}],"replies":[{"embeddable":true,"href":"https:\/\/www.alt-edic.eu\/ro\/wp-json\/wp\/v2\/comments?post=9618"}],"version-history":[{"count":0,"href":"https:\/\/www.alt-edic.eu\/ro\/wp-json\/wp\/v2\/posts\/9618\/revisions"}],"wp:featuredmedia":[{"embeddable":true,"href":"https:\/\/www.alt-edic.eu\/ro\/wp-json\/wp\/v2\/media\/10236"}],"wp:attachment":[{"href":"https:\/\/www.alt-edic.eu\/ro\/wp-json\/wp\/v2\/media?parent=9618"}],"wp:term":[{"taxonomy":"category","embeddable":true,"href":"https:\/\/www.alt-edic.eu\/ro\/wp-json\/wp\/v2\/categories?post=9618"},{"taxonomy":"post_tag","embeddable":true,"href":"https:\/\/www.alt-edic.eu\/ro\/wp-json\/wp\/v2\/tags?post=9618"}],"curies":[{"name":"wp","href":"https:\/\/api.w.org\/{rel}","templated":true}]}}