{"id":10687,"date":"2025-02-24T07:00:14","date_gmt":"2025-02-24T06:00:14","guid":{"rendered":"https:\/\/alt-edic.eu\/?p=10687"},"modified":"2025-04-26T08:32:43","modified_gmt":"2025-04-26T07:32:43","slug":"poland-launches-a-polish-large-language-model-pllum","status":"publish","type":"post","link":"https:\/\/www.alt-edic.eu\/hu\/news\/poland-launches-a-polish-large-language-model-pllum\/","title":{"rendered":"<p>Lengyelorsz\u00e1g bevezeti a Lengyel Nagy Nyelvi Modellt (PLLuM)<\/p>"},"content":{"rendered":"<div data-elementor-type=\"wp-post\" data-elementor-id=\"10687\" class=\"elementor elementor-10687\" data-elementor-post-type=\"post\">\n\t\t\t\t<div class=\"elementor-element elementor-element-70b56c5e e-flex e-con-boxed e-con e-parent\" data-id=\"70b56c5e\" data-element_type=\"container\" data-e-type=\"container\">\n\t\t\t\t\t<div class=\"e-con-inner\">\n\t\t\t\t<div class=\"elementor-element elementor-element-7817e179 elementor-widget elementor-widget-text-editor\" data-id=\"7817e179\" data-element_type=\"widget\" data-e-type=\"widget\" data-widget_type=\"text-editor.default\">\n\t\t\t\t<div class=\"elementor-widget-container\">\n\t\t\t\t\t\t\t\t\t<p>A Digit\u00e1lis \u00dcgyek Miniszt\u00e9riuma <span style=\"text-decoration: underline;\"><a href=\"https:\/\/www.gov.pl\/web\/cyfryzacja\/polska-buduje-wlasna-sztuczna-inteligencje--pllum-gotowy-do-dzialania\">Bemutatva 2025. febru\u00e1r 24-\u00e9n<\/a><\/span>, a PLLuM lengyel nyelvi modell \u00e9s annak fejleszt\u00e9si terve. A PLLuM (lengyel nagynyelv\u0171 modell) olyan mesters\u00e9gesintelligencia-modellek csal\u00e1dja, amelyeket lengyel nyelv\u0171 sz\u00f6vegek feldolgoz\u00e1s\u00e1ra \u00e9s gener\u00e1l\u00e1s\u00e1ra terveztek. A lengyel informatikai \u00e9s nyelv\u00e9szeti szak\u00e9rt\u0151k \u00e1ltal l\u00e9trehozott modellek t\u00e1mogatni fogj\u00e1k a digit\u00e1lis kompetenci\u00e1k fejleszt\u00e9s\u00e9t \u00e9s az innov\u00e1ci\u00f3t a k\u00f6zigazgat\u00e1sban \u00e9s az \u00fczleti \u00e9letben.\u00a0 A mai napt\u00f3l kezdve a modell mindenki sz\u00e1m\u00e1ra el\u00e9rhet\u0151 a <span style=\"text-decoration: underline;\"><a href=\"http:\/\/pllum.clarin-pl.eu\"><strong>http:\/\/pllum.clarin-pl.eu<\/strong><\/a><\/span>.<\/p>\n<p>&nbsp;<\/p>\n<p><\/p>\n<blockquote class=\"wp-block-quote has-medium-font-size is-layout-flow wp-block-quote-is-layout-flow\">\n<p><\/p>\n<p class=\"wp-block-paragraph\">\u201eA PLLuM annak bizony\u00edt\u00e9ka, hogy a modern technol\u00f3gi\u00e1kat saj\u00e1t felt\u00e9teleink szerint, saj\u00e1t nyelv\u00fcnk\u00f6n, polg\u00e1raink jav\u00e1ra fejleszthetj\u00fck ki. Megteremtj\u00fck az intelligens k\u00f6zszolg\u00e1ltat\u00e1sok \u00e9s innov\u00e1ci\u00f3k alapjait, amelyek val\u00f3di t\u00e1mogat\u00e1st ny\u00fajtanak mind a k\u00f6zigazgat\u00e1s, mind az \u00fczleti \u00e9let sz\u00e1m\u00e1ra\u201d \u2013 mondta Krzysztof Gawkowski minisztereln\u00f6k-helyettes \u00e9s digit\u00e1lis \u00fcgyek\u00e9rt felel\u0151s miniszter.\u00bb<\/p>\n<p><\/p>\n<\/blockquote>\n<p><\/p>\n<p>A PLLuM kiemelkedik a t\u00f6bbi nyelvi modell k\u00f6z\u00fcl. A lengyel nyelv \u00e9s a k\u00f6zigazgat\u00e1s terminol\u00f3gi\u00e1j\u00e1nak saj\u00e1toss\u00e1gaihoz igazodik. Fejleszt\u00e9se \u00e1tfog\u00f3 adatgy\u0171jt\u00e9si \u00e9s min\u0151s\u00e9g\u00e9rt\u00e9kel\u00e9si elj\u00e1r\u00e1sokat foglal mag\u00e1ban. A PLLuM els\u0151sorban a ? \u00e1ltal manu\u00e1lisan kifejlesztett szerves adatokat haszn\u00e1lja, nem pedig m\u00e1s nyelvi modellek \u00e1ltal gener\u00e1lt adatokat. A lengyel forr\u00e1sokra k\u00e9pzett, kiv\u00e1l\u00f3an kezeli a lengyel inflexi\u00f3 \u00e9s szintaxis \u00f6sszetetts\u00e9g\u00e9t, pontos tartalmat gener\u00e1lva.<\/p>\n<p>A PLLuM fejlett megold\u00e1sokat fog ny\u00fajtani a k\u00f6zigazgat\u00e1s sz\u00e1m\u00e1ra, tov\u00e1bb t\u00e1mogatva Lengyelorsz\u00e1g digit\u00e1lis \u00e1talakul\u00e1s\u00e1t:<\/p>\n<ul>\n<li>A <strong>virtu\u00e1lis asszisztens<\/strong> a mObywatel alkalmaz\u00e1sban, hogy seg\u00edtse a polg\u00e1rokat a nyilv\u00e1nos inform\u00e1ci\u00f3k megszerz\u00e9s\u00e9ben.<\/li>\n<li>An <strong>intelligens adminisztrat\u00edv asszisztens<\/strong> a dokumentumfeldolgoz\u00e1s, a tartalomelemz\u00e9s, az inform\u00e1ci\u00f3keres\u00e9s automatiz\u00e1l\u00e1sa \u00e9s a polg\u00e1rok k\u00e9rd\u00e9seire adott v\u00e1laszok t\u00e1mogat\u00e1sa.<\/li>\n<li><strong>Oktat\u00e1s<\/strong>, az oktat\u00e1si alkalmaz\u00e1sok \u00e9s ford\u00edt\u00e1sok fejleszt\u00e9s\u00e9nek megk\u00f6nny\u00edt\u00e9se, valamint a tan\u00e1rok seg\u00edt\u00e9se a leg\u00fajabb technol\u00f3gi\u00e1kkal kapcsolatos tanuls\u00e1gok levon\u00e1s\u00e1ban.<\/li>\n<\/ul>\n<p>&nbsp;<\/p>\t\t\t\t\t\t\t\t<\/div>\n\t\t\t\t<\/div>\n\t\t\t\t\t<\/div>\n\t\t\t\t<\/div>\n\t\t\t\t<\/div>","protected":false},"excerpt":{"rendered":"<p>A Lengyel Digit\u00e1lis \u00dcgyek Miniszt\u00e9riuma bemutatta a PLLuM-et, a mindenki sz\u00e1m\u00e1ra el\u00e9rhet\u0151 lengyel nyelv nagy nyelvi modellj\u00e9t. <\/p>","protected":false},"author":32,"featured_media":10725,"comment_status":"closed","ping_status":"open","sticky":false,"template":"","format":"standard","meta":{"footnotes":""},"categories":[189],"tags":[],"class_list":["post-10687","post","type-post","status-publish","format-standard","has-post-thumbnail","hentry","category-news"],"aioseo_notices":[],"aioseo_head":"\n\t\t<!-- All in One SEO 5.0.0.1 - aioseo.com -->\n\t<meta name=\"description\" content=\"The Polish Ministry of Digital Affairs has presented PLLuM, a Large Language Model for Polish available to everyone.\" \/>\n\t<meta name=\"robots\" content=\"max-image-preview:large\" \/>\n\t<meta name=\"author\" content=\"News ALT-EDIC\"\/>\n\t<link rel=\"canonical\" href=\"https:\/\/www.alt-edic.eu\/hu\/news\/poland-launches-a-polish-large-language-model-pllum\/\" \/>\n\t<meta name=\"generator\" content=\"All in One SEO (AIOSEO) 5.0.0.1\" \/>\n\t\t<meta property=\"og:locale\" content=\"hu_HU\" \/>\n\t\t<meta property=\"og:site_name\" content=\"ALT-EDIC \u2013 Alliance for Language Technologies EDIC\" \/>\n\t\t<meta property=\"og:type\" content=\"article\" \/>\n\t\t<meta property=\"og:title\" content=\"Poland launches a Polish Large Language Model (PLLuM) \u2013 ALT-EDIC\" \/>\n\t\t<meta property=\"og:description\" content=\"The Polish Ministry of Digital Affairs has presented PLLuM, a Large Language Model for Polish available to everyone.\" \/>\n\t\t<meta property=\"og:url\" content=\"https:\/\/www.alt-edic.eu\/hu\/news\/poland-launches-a-polish-large-language-model-pllum\/\" \/>\n\t\t<meta property=\"article:published_time\" content=\"2025-02-24T06:00:14+00:00\" \/>\n\t\t<meta property=\"article:modified_time\" content=\"2025-04-26T07:32:43+00:00\" \/>\n\t\t<meta name=\"twitter:card\" content=\"summary_large_image\" \/>\n\t\t<meta name=\"twitter:title\" content=\"Poland launches a Polish Large Language Model (PLLuM) \u2013 ALT-EDIC\" \/>\n\t\t<meta name=\"twitter:description\" content=\"The Polish Ministry of Digital Affairs has presented PLLuM, a Large Language Model for Polish available to everyone.\" \/>\n\t\t<script type=\"application\/ld+json\" class=\"aioseo-schema\">\n\t\t\t{\"@context\":\"https:\\\/\\\/schema.org\",\"@graph\":[{\"@type\":\"BlogPosting\",\"@id\":\"https:\\\/\\\/www.alt-edic.eu\\\/hu\\\/news\\\/poland-launches-a-polish-large-language-model-pllum\\\/#blogposting\",\"name\":\"Poland launches a Polish Large Language Model (PLLuM) \\u2013 ALT-EDIC\",\"headline\":\"Poland launches a Polish Large Language Model (PLLuM)\",\"author\":{\"@id\":\"https:\\\/\\\/www.alt-edic.eu\\\/hu\\\/author\\\/news-alt-edic\\\/#author\"},\"publisher\":{\"@id\":\"https:\\\/\\\/www.alt-edic.eu\\\/hu\\\/#organization\"},\"image\":{\"@type\":\"ImageObject\",\"url\":\"https:\\\/\\\/www.alt-edic.eu\\\/wp-content\\\/uploads\\\/2025\\\/02\\\/Konfernecja-PLLuM_33-scaled.jpg\",\"width\":2560,\"height\":1707},\"datePublished\":\"2025-02-24T07:00:14+01:00\",\"dateModified\":\"2025-04-26T08:32:43+01:00\",\"inLanguage\":\"hu-HU\",\"mainEntityOfPage\":{\"@id\":\"https:\\\/\\\/www.alt-edic.eu\\\/hu\\\/news\\\/poland-launches-a-polish-large-language-model-pllum\\\/#webpage\"},\"isPartOf\":{\"@id\":\"https:\\\/\\\/www.alt-edic.eu\\\/hu\\\/news\\\/poland-launches-a-polish-large-language-model-pllum\\\/#webpage\"},\"articleSection\":\"News\"},{\"@type\":\"BreadcrumbList\",\"@id\":\"https:\\\/\\\/www.alt-edic.eu\\\/hu\\\/news\\\/poland-launches-a-polish-large-language-model-pllum\\\/#breadcrumblist\",\"itemListElement\":[{\"@type\":\"ListItem\",\"@id\":\"https:\\\/\\\/www.alt-edic.eu\\\/hu#listItem\",\"position\":1,\"name\":\"Home\",\"item\":\"https:\\\/\\\/www.alt-edic.eu\\\/hu\",\"nextItem\":{\"@type\":\"ListItem\",\"@id\":\"https:\\\/\\\/www.alt-edic.eu\\\/hu\\\/category\\\/news\\\/#listItem\",\"name\":\"News\"}},{\"@type\":\"ListItem\",\"@id\":\"https:\\\/\\\/www.alt-edic.eu\\\/hu\\\/category\\\/news\\\/#listItem\",\"position\":2,\"name\":\"News\",\"item\":\"https:\\\/\\\/www.alt-edic.eu\\\/hu\\\/category\\\/news\\\/\",\"nextItem\":{\"@type\":\"ListItem\",\"@id\":\"https:\\\/\\\/www.alt-edic.eu\\\/hu\\\/news\\\/poland-launches-a-polish-large-language-model-pllum\\\/#listItem\",\"name\":\"Poland launches a Polish Large Language Model (PLLuM)\"},\"previousItem\":{\"@type\":\"ListItem\",\"@id\":\"https:\\\/\\\/www.alt-edic.eu\\\/hu#listItem\",\"name\":\"Home\"}},{\"@type\":\"ListItem\",\"@id\":\"https:\\\/\\\/www.alt-edic.eu\\\/hu\\\/news\\\/poland-launches-a-polish-large-language-model-pllum\\\/#listItem\",\"position\":3,\"name\":\"Poland launches a Polish Large Language Model (PLLuM)\",\"previousItem\":{\"@type\":\"ListItem\",\"@id\":\"https:\\\/\\\/www.alt-edic.eu\\\/hu\\\/category\\\/news\\\/#listItem\",\"name\":\"News\"}}]},{\"@type\":\"Organization\",\"@id\":\"https:\\\/\\\/www.alt-edic.eu\\\/hu\\\/#organization\",\"name\":\"ALT-EDIC Alliance for Language Technologies (ALT-EDIC)\",\"description\":\"Alliance for Language Technologies EDIC The Alliance for Language Technologies (ALT-EDIC) is a European Digital Infrastructure Consortium supporting the development of Language Technologies. It will promote excellence in language technologies and contribute to the preservation of Europe\\u2019s linguistic diversity and cultural richness.\",\"url\":\"https:\\\/\\\/www.alt-edic.eu\\\/hu\\\/\",\"email\":\"contact@alt-edic.eu\",\"telephone\":\"+33364924355\",\"foundingDate\":\"2024-02-01\",\"numberOfEmployees\":{\"@type\":\"QuantitativeValue\",\"minValue\":0,\"maxValue\":15},\"logo\":{\"@type\":\"ImageObject\",\"url\":\"https:\\\/\\\/www.alt-edic.eu\\\/wp-content\\\/uploads\\\/2024\\\/09\\\/logo_alt-edic_blue_on_white.png\",\"@id\":\"https:\\\/\\\/www.alt-edic.eu\\\/hu\\\/news\\\/poland-launches-a-polish-large-language-model-pllum\\\/#organizationLogo\",\"width\":2779,\"height\":541,\"caption\":\"Logo Alt-Edic Blue\"},\"image\":{\"@id\":\"https:\\\/\\\/www.alt-edic.eu\\\/hu\\\/news\\\/poland-launches-a-polish-large-language-model-pllum\\\/#organizationLogo\"},\"sameAs\":[\"https:\\\/\\\/www.linkedin.com\\\/company\\\/alt-edic\\\/\"]},{\"@type\":\"Person\",\"@id\":\"https:\\\/\\\/www.alt-edic.eu\\\/hu\\\/author\\\/news-alt-edic\\\/#author\",\"url\":\"https:\\\/\\\/www.alt-edic.eu\\\/hu\\\/author\\\/news-alt-edic\\\/\",\"name\":\"News ALT-EDIC\",\"image\":{\"@type\":\"ImageObject\",\"@id\":\"https:\\\/\\\/www.alt-edic.eu\\\/hu\\\/news\\\/poland-launches-a-polish-large-language-model-pllum\\\/#authorImage\",\"url\":\"https:\\\/\\\/secure.gravatar.com\\\/avatar\\\/2f114008dcd1cfeab0b9b1818a54621d4d840e95a663efbbee5b8108ba8d6018?s=96&d=mm&r=g\",\"width\":96,\"height\":96,\"caption\":\"News ALT-EDIC\"}},{\"@type\":\"WebPage\",\"@id\":\"https:\\\/\\\/www.alt-edic.eu\\\/hu\\\/news\\\/poland-launches-a-polish-large-language-model-pllum\\\/#webpage\",\"url\":\"https:\\\/\\\/www.alt-edic.eu\\\/hu\\\/news\\\/poland-launches-a-polish-large-language-model-pllum\\\/\",\"name\":\"Poland launches a Polish Large Language Model (PLLuM) \\u2013 ALT-EDIC\",\"description\":\"The Polish Ministry of Digital Affairs has presented PLLuM, a Large Language Model for Polish available to everyone.\",\"inLanguage\":\"hu-HU\",\"isPartOf\":{\"@id\":\"https:\\\/\\\/www.alt-edic.eu\\\/hu\\\/#website\"},\"breadcrumb\":{\"@id\":\"https:\\\/\\\/www.alt-edic.eu\\\/hu\\\/news\\\/poland-launches-a-polish-large-language-model-pllum\\\/#breadcrumblist\"},\"author\":{\"@id\":\"https:\\\/\\\/www.alt-edic.eu\\\/hu\\\/author\\\/news-alt-edic\\\/#author\"},\"creator\":{\"@id\":\"https:\\\/\\\/www.alt-edic.eu\\\/hu\\\/author\\\/news-alt-edic\\\/#author\"},\"image\":{\"@type\":\"ImageObject\",\"url\":\"https:\\\/\\\/www.alt-edic.eu\\\/wp-content\\\/uploads\\\/2025\\\/02\\\/Konfernecja-PLLuM_33-scaled.jpg\",\"@id\":\"https:\\\/\\\/www.alt-edic.eu\\\/hu\\\/news\\\/poland-launches-a-polish-large-language-model-pllum\\\/#mainImage\",\"width\":2560,\"height\":1707},\"primaryImageOfPage\":{\"@id\":\"https:\\\/\\\/www.alt-edic.eu\\\/hu\\\/news\\\/poland-launches-a-polish-large-language-model-pllum\\\/#mainImage\"},\"datePublished\":\"2025-02-24T07:00:14+01:00\",\"dateModified\":\"2025-04-26T08:32:43+01:00\"},{\"@type\":\"WebSite\",\"@id\":\"https:\\\/\\\/www.alt-edic.eu\\\/hu\\\/#website\",\"url\":\"https:\\\/\\\/www.alt-edic.eu\\\/hu\\\/\",\"name\":\"ALT-EDIC Alliance for Language Technologies\",\"alternateName\":\"ALT-EDIC\",\"description\":\"Alliance for Language Technologies EDIC\",\"inLanguage\":\"hu-HU\",\"publisher\":{\"@id\":\"https:\\\/\\\/www.alt-edic.eu\\\/hu\\\/#organization\"}}]}\n\t\t<\/script>\n\t\t<!-- All in One SEO -->\n\n","aioseo_head_json":{"title":"Poland launches a Polish Large Language Model (PLLuM) \u2013 ALT-EDIC","description":"The Polish Ministry of Digital Affairs has presented PLLuM, a Large Language Model for Polish available to everyone.","canonical_url":"https:\/\/www.alt-edic.eu\/hu\/news\/poland-launches-a-polish-large-language-model-pllum\/","robots":"max-image-preview:large","keywords":"","webmasterTools":{"miscellaneous":""},"schema":{"@context":"https:\/\/schema.org","@graph":[{"@type":"BlogPosting","@id":"https:\/\/www.alt-edic.eu\/hu\/news\/poland-launches-a-polish-large-language-model-pllum\/#blogposting","name":"Poland launches a Polish Large Language Model (PLLuM) \u2013 ALT-EDIC","headline":"Poland launches a Polish Large Language Model (PLLuM)","author":{"@id":"https:\/\/www.alt-edic.eu\/hu\/author\/news-alt-edic\/#author"},"publisher":{"@id":"https:\/\/www.alt-edic.eu\/hu\/#organization"},"image":{"@type":"ImageObject","url":"https:\/\/www.alt-edic.eu\/wp-content\/uploads\/2025\/02\/Konfernecja-PLLuM_33-scaled.jpg","width":2560,"height":1707},"datePublished":"2025-02-24T07:00:14+01:00","dateModified":"2025-04-26T08:32:43+01:00","inLanguage":"hu-HU","mainEntityOfPage":{"@id":"https:\/\/www.alt-edic.eu\/hu\/news\/poland-launches-a-polish-large-language-model-pllum\/#webpage"},"isPartOf":{"@id":"https:\/\/www.alt-edic.eu\/hu\/news\/poland-launches-a-polish-large-language-model-pllum\/#webpage"},"articleSection":"News"},{"@type":"BreadcrumbList","@id":"https:\/\/www.alt-edic.eu\/hu\/news\/poland-launches-a-polish-large-language-model-pllum\/#breadcrumblist","itemListElement":[{"@type":"ListItem","@id":"https:\/\/www.alt-edic.eu\/hu#listItem","position":1,"name":"Home","item":"https:\/\/www.alt-edic.eu\/hu","nextItem":{"@type":"ListItem","@id":"https:\/\/www.alt-edic.eu\/hu\/category\/news\/#listItem","name":"News"}},{"@type":"ListItem","@id":"https:\/\/www.alt-edic.eu\/hu\/category\/news\/#listItem","position":2,"name":"News","item":"https:\/\/www.alt-edic.eu\/hu\/category\/news\/","nextItem":{"@type":"ListItem","@id":"https:\/\/www.alt-edic.eu\/hu\/news\/poland-launches-a-polish-large-language-model-pllum\/#listItem","name":"Poland launches a Polish Large Language Model (PLLuM)"},"previousItem":{"@type":"ListItem","@id":"https:\/\/www.alt-edic.eu\/hu#listItem","name":"Home"}},{"@type":"ListItem","@id":"https:\/\/www.alt-edic.eu\/hu\/news\/poland-launches-a-polish-large-language-model-pllum\/#listItem","position":3,"name":"Poland launches a Polish Large Language Model (PLLuM)","previousItem":{"@type":"ListItem","@id":"https:\/\/www.alt-edic.eu\/hu\/category\/news\/#listItem","name":"News"}}]},{"@type":"Organization","@id":"https:\/\/www.alt-edic.eu\/hu\/#organization","name":"ALT-EDIC Alliance for Language Technologies (ALT-EDIC)","description":"Alliance for Language Technologies EDIC The Alliance for Language Technologies (ALT-EDIC) is a European Digital Infrastructure Consortium supporting the development of Language Technologies. It will promote excellence in language technologies and contribute to the preservation of Europe\u2019s linguistic diversity and cultural richness.","url":"https:\/\/www.alt-edic.eu\/hu\/","email":"contact@alt-edic.eu","telephone":"+33364924355","foundingDate":"2024-02-01","numberOfEmployees":{"@type":"QuantitativeValue","minValue":0,"maxValue":15},"logo":{"@type":"ImageObject","url":"https:\/\/www.alt-edic.eu\/wp-content\/uploads\/2024\/09\/logo_alt-edic_blue_on_white.png","@id":"https:\/\/www.alt-edic.eu\/hu\/news\/poland-launches-a-polish-large-language-model-pllum\/#organizationLogo","width":2779,"height":541,"caption":"Logo Alt-Edic Blue"},"image":{"@id":"https:\/\/www.alt-edic.eu\/hu\/news\/poland-launches-a-polish-large-language-model-pllum\/#organizationLogo"},"sameAs":["https:\/\/www.linkedin.com\/company\/alt-edic\/"]},{"@type":"Person","@id":"https:\/\/www.alt-edic.eu\/hu\/author\/news-alt-edic\/#author","url":"https:\/\/www.alt-edic.eu\/hu\/author\/news-alt-edic\/","name":"News ALT-EDIC","image":{"@type":"ImageObject","@id":"https:\/\/www.alt-edic.eu\/hu\/news\/poland-launches-a-polish-large-language-model-pllum\/#authorImage","url":"https:\/\/secure.gravatar.com\/avatar\/2f114008dcd1cfeab0b9b1818a54621d4d840e95a663efbbee5b8108ba8d6018?s=96&d=mm&r=g","width":96,"height":96,"caption":"News ALT-EDIC"}},{"@type":"WebPage","@id":"https:\/\/www.alt-edic.eu\/hu\/news\/poland-launches-a-polish-large-language-model-pllum\/#webpage","url":"https:\/\/www.alt-edic.eu\/hu\/news\/poland-launches-a-polish-large-language-model-pllum\/","name":"Poland launches a Polish Large Language Model (PLLuM) \u2013 ALT-EDIC","description":"The Polish Ministry of Digital Affairs has presented PLLuM, a Large Language Model for Polish available to everyone.","inLanguage":"hu-HU","isPartOf":{"@id":"https:\/\/www.alt-edic.eu\/hu\/#website"},"breadcrumb":{"@id":"https:\/\/www.alt-edic.eu\/hu\/news\/poland-launches-a-polish-large-language-model-pllum\/#breadcrumblist"},"author":{"@id":"https:\/\/www.alt-edic.eu\/hu\/author\/news-alt-edic\/#author"},"creator":{"@id":"https:\/\/www.alt-edic.eu\/hu\/author\/news-alt-edic\/#author"},"image":{"@type":"ImageObject","url":"https:\/\/www.alt-edic.eu\/wp-content\/uploads\/2025\/02\/Konfernecja-PLLuM_33-scaled.jpg","@id":"https:\/\/www.alt-edic.eu\/hu\/news\/poland-launches-a-polish-large-language-model-pllum\/#mainImage","width":2560,"height":1707},"primaryImageOfPage":{"@id":"https:\/\/www.alt-edic.eu\/hu\/news\/poland-launches-a-polish-large-language-model-pllum\/#mainImage"},"datePublished":"2025-02-24T07:00:14+01:00","dateModified":"2025-04-26T08:32:43+01:00"},{"@type":"WebSite","@id":"https:\/\/www.alt-edic.eu\/hu\/#website","url":"https:\/\/www.alt-edic.eu\/hu\/","name":"ALT-EDIC Alliance for Language Technologies","alternateName":"ALT-EDIC","description":"Alliance for Language Technologies EDIC","inLanguage":"hu-HU","publisher":{"@id":"https:\/\/www.alt-edic.eu\/hu\/#organization"}}]},"og:locale":"hu_HU","og:site_name":"ALT-EDIC \u2013 Alliance for Language Technologies EDIC","og:type":"article","og:title":"Poland launches a Polish Large Language Model (PLLuM) \u2013 ALT-EDIC","og:description":"The Polish Ministry of Digital Affairs has presented PLLuM, a Large Language Model for Polish available to everyone.","og:url":"https:\/\/www.alt-edic.eu\/hu\/news\/poland-launches-a-polish-large-language-model-pllum\/","article:published_time":"2025-02-24T06:00:14+00:00","article:modified_time":"2025-04-26T07:32:43+00:00","twitter:card":"summary_large_image","twitter:title":"Poland launches a Polish Large Language Model (PLLuM) \u2013 ALT-EDIC","twitter:description":"The Polish Ministry of Digital Affairs has presented PLLuM, a Large Language Model for Polish available to everyone."},"aioseo_meta_data":{"post_id":"10687","title":null,"description":null,"keywords":null,"keyphrases":{"focus":{"keyphrase":"","score":0,"analysis":{"keyphraseInTitle":{"score":0,"maxScore":9,"error":1}}},"additional":[]},"primary_term":null,"canonical_url":null,"og_title":null,"og_description":null,"og_object_type":"default","og_image_type":"default","og_image_url":null,"og_image_width":null,"og_image_height":null,"og_image_custom_url":null,"og_image_custom_fields":null,"og_video":"","og_custom_url":null,"og_article_section":null,"og_article_tags":null,"twitter_use_og":false,"twitter_card":"default","twitter_image_type":"default","twitter_image_url":null,"twitter_image_custom_url":null,"twitter_image_custom_fields":null,"twitter_title":null,"twitter_description":null,"schema":{"blockGraphs":[],"customGraphs":[],"default":{"data":{"Article":[],"Course":[],"Dataset":[],"FAQPage":[],"Movie":[],"Person":[],"Product":[],"ProductReview":[],"Car":[],"Recipe":[],"Service":[],"SoftwareApplication":[],"WebPage":[]},"graphName":"BlogPosting","isEnabled":true},"graphs":[]},"schema_type":"default","schema_type_options":null,"pillar_content":false,"robots_default":true,"robots_noindex":false,"robots_noarchive":false,"robots_nosnippet":false,"robots_nofollow":false,"robots_noimageindex":false,"robots_noodp":false,"robots_notranslate":false,"robots_max_snippet":"-1","robots_max_videopreview":"-1","robots_max_imagepreview":"large","priority":null,"frequency":"default","local_seo":null,"breadcrumb_settings":null,"limit_modified_date":false,"ai":null,"created":"2025-02-26 09:47:06","updated":"2025-06-10 20:38:12","seo_analyzer_scan_date":null,"focus_keyword":null,"additional_keywords":null,"truseo_locale":null},"aioseo_breadcrumb":"<div class=\"aioseo-breadcrumbs\"><span class=\"aioseo-breadcrumb\">\n\t\t\t<a href=\"https:\/\/www.alt-edic.eu\/hu\" title=\"Home\">Home<\/a>\n\t\t<\/span><span class=\"aioseo-breadcrumb-separator\">\/<\/span><span class=\"aioseo-breadcrumb\">\n\t\t\t<a href=\"https:\/\/www.alt-edic.eu\/hu\/category\/news\/\" title=\"News\">News<\/a>\n\t\t<\/span><span class=\"aioseo-breadcrumb-separator\">\/<\/span><span class=\"aioseo-breadcrumb\">\n\t\t\tPoland launches a Polish Large Language Model (PLLuM)\n\t\t<\/span><\/div>","aioseo_breadcrumb_json":[{"label":"Home","link":"https:\/\/www.alt-edic.eu\/hu"},{"label":"News","link":"https:\/\/www.alt-edic.eu\/hu\/category\/news\/"},{"label":"Poland launches a Polish Large Language Model (PLLuM)","link":"https:\/\/www.alt-edic.eu\/hu\/news\/poland-launches-a-polish-large-language-model-pllum\/"}],"_links":{"self":[{"href":"https:\/\/www.alt-edic.eu\/hu\/wp-json\/wp\/v2\/posts\/10687","targetHints":{"allow":["GET"]}}],"collection":[{"href":"https:\/\/www.alt-edic.eu\/hu\/wp-json\/wp\/v2\/posts"}],"about":[{"href":"https:\/\/www.alt-edic.eu\/hu\/wp-json\/wp\/v2\/types\/post"}],"author":[{"embeddable":true,"href":"https:\/\/www.alt-edic.eu\/hu\/wp-json\/wp\/v2\/users\/32"}],"replies":[{"embeddable":true,"href":"https:\/\/www.alt-edic.eu\/hu\/wp-json\/wp\/v2\/comments?post=10687"}],"version-history":[{"count":0,"href":"https:\/\/www.alt-edic.eu\/hu\/wp-json\/wp\/v2\/posts\/10687\/revisions"}],"wp:featuredmedia":[{"embeddable":true,"href":"https:\/\/www.alt-edic.eu\/hu\/wp-json\/wp\/v2\/media\/10725"}],"wp:attachment":[{"href":"https:\/\/www.alt-edic.eu\/hu\/wp-json\/wp\/v2\/media?parent=10687"}],"wp:term":[{"taxonomy":"category","embeddable":true,"href":"https:\/\/www.alt-edic.eu\/hu\/wp-json\/wp\/v2\/categories?post=10687"},{"taxonomy":"post_tag","embeddable":true,"href":"https:\/\/www.alt-edic.eu\/hu\/wp-json\/wp\/v2\/tags?post=10687"}],"curies":[{"name":"wp","href":"https:\/\/api.w.org\/{rel}","templated":true}]}}