{"id":9618,"date":"2024-12-05T06:00:00","date_gmt":"2024-12-05T06:00:00","guid":{"rendered":"https:\/\/alt-edic.eu\/?p=9618"},"modified":"2024-12-13T10:51:10","modified_gmt":"2024-12-13T09:51:10","slug":"the-alt-edic-appoints-its-director","status":"publish","type":"post","link":"https:\/\/www.alt-edic.eu\/hr\/news\/the-alt-edic-appoints-its-director\/","title":{"rendered":"<p>ALT-EDIC imenuje svojeg direktora<\/p>"},"content":{"rendered":"<div data-elementor-type=\"wp-post\" data-elementor-id=\"9618\" class=\"elementor elementor-9618\" data-elementor-post-type=\"post\">\n\t\t\t\t<div class=\"elementor-element elementor-element-1d3db17b e-flex e-con-boxed e-con e-parent\" data-id=\"1d3db17b\" data-element_type=\"container\" data-e-type=\"container\">\n\t\t\t\t\t<div class=\"e-con-inner\">\n\t\t\t\t<div class=\"elementor-element elementor-element-2ffcf7d3 elementor-widget elementor-widget-text-editor\" data-id=\"2ffcf7d3\" data-element_type=\"widget\" data-e-type=\"widget\" data-widget_type=\"text-editor.default\">\n\t\t\t\t<div class=\"elementor-widget-container\">\n\t\t\t\t\t\t\t\t\t<p>ALT-EDIC sa zadovoljstvom objavljuje imenovanje svojeg prvog redatelja Edouarda Geoffroisa. Du\u017enost \u0107e preuzeti 1. sije\u010dnja 2025., a du\u017enost \u0107e preuzeti od predsjednika Skup\u0161tine \u010dlanova ALT-EDIC-a Tibaulta Grouasa, koji je do tada obna\u0161ao du\u017enost direktora.<\/p>\n<p><!-- \/wp:paragraph --><!-- wp:paragraph --><\/p>\n<p>Direktor je zadu\u017een za zapo\u0161ljavanje tima ALT-EDIC-a i upravljat \u0107e aktivnostima i operacijama ALT-EDIC-a. Osigurat \u0107e suradnju s raznim dionicima ALT-EDIC-a, uklju\u010duju\u0107i Skup\u0161tinu \u010dlanova, Odbor za strate\u0161ko usmjeravanje i industrije. Bit \u0107e odgovoran i za usmjeravanje razvoja ALT-EDIC-a prema potpuno zrelim i operativnim uslugama, u skladu s programom politike za digitalno desetlje\u0107e do 2030.<\/p>\n<p>Edouard Geoffrois doktorirao je na temu automatskog prepoznavanja govora i pokrenuo je aktivnosti u podru\u010dju jezi\u010dnih tehnologija u francuskom Ministarstvu obrane. Koordinirao je vi\u0161edr\u017eavnu suradnju s potporom EU-a (ERA-NETs) u podru\u010dju informacijskih i komunikacijskih tehnologija u Francuskoj nacionalnoj agenciji za istra\u017eivanje (ANR), a od 2019. u Europskoj komisiji radi na Europskom fondu za obranu s naglaskom na umjetnoj inteligenciji. Ima bogato iskustvo u stvaranju i upravljanju jezi\u010dnim podacima te osmi\u0161ljavanju i organizaciji evaluacijskih kampanja, kao i u upravljanju velikim slo\u017eenim programima istra\u017eivanja i razvoja.<\/p>\n<p><!-- \/wp:paragraph --><!-- wp:paragraph --><\/p>\n<p>Edouard Geoffrois: \u00ab <em>S pojavom velikih jezi\u010dnih modela visokih performansi i generativne umjetne inteligencije, objavljivanjem najsuvremenijih modela otvorenog koda i pojavom temeljnih modela koje tre\u0107e strane i korisnici mogu prilagoditi, domena jezi\u010dnih tehnologija brzo se mijenja. Razvoj tih tehnologija u Europi vrlo je aktivan i, vi\u0161e nego ikad prije, kako bi se osigurala u\u010dinkovitost tog razvoja, potrebni su udru\u017eeni jezi\u010dni resursi i udru\u017eivanje razvojnih napora. Kao europski subjekt s javnom misijom slu\u017eenja litavskoj zajednici, ALT-EDIC savr\u0161eno je prikladan za rje\u0161avanje tih nedostataka.<\/em> \u00bb<\/p>\n<p><!-- \/wp:paragraph --><!-- wp:paragraph --><\/p>\n<p><!-- \/wp:paragraph --><\/p>\t\t\t\t\t\t\t\t<\/div>\n\t\t\t\t<\/div>\n\t\t\t\t\t<\/div>\n\t\t\t\t<\/div>\n\t\t\t\t<\/div>","protected":false},"excerpt":{"rendered":"<p>Edouard Geoffrois donijet \u0107e ALT-EDIC-u svoju stru\u010dnost u jezi\u010dnim tehnologijama i svoje iskustvo u upravljanju programima R&amp;D i europskoj suradnji.  <\/p>","protected":false},"author":32,"featured_media":10236,"comment_status":"closed","ping_status":"open","sticky":false,"template":"","format":"standard","meta":{"footnotes":""},"categories":[189],"tags":[],"class_list":["post-9618","post","type-post","status-publish","format-standard","has-post-thumbnail","hentry","category-news"],"aioseo_notices":[],"aioseo_head":"\n\t\t<!-- All in One SEO 5.0.0.1 - aioseo.com -->\n\t<meta name=\"description\" content=\"Edouard Geoffrois will bring to the ALT-EDIC his expertise in Language Technologies and his experience in R&amp;D programme management and European cooperation.\" \/>\n\t<meta name=\"robots\" content=\"max-image-preview:large\" \/>\n\t<meta name=\"author\" content=\"News ALT-EDIC\"\/>\n\t<link rel=\"canonical\" href=\"https:\/\/www.alt-edic.eu\/hr\/news\/the-alt-edic-appoints-its-director\/\" \/>\n\t<meta name=\"generator\" content=\"All in One SEO (AIOSEO) 5.0.0.1\" \/>\n\t\t<meta property=\"og:locale\" content=\"hr_HR\" \/>\n\t\t<meta property=\"og:site_name\" content=\"ALT-EDIC \u2013 Alliance for Language Technologies EDIC\" \/>\n\t\t<meta property=\"og:type\" content=\"article\" \/>\n\t\t<meta property=\"og:title\" content=\"The ALT-EDIC appoints its director \u2013 ALT-EDIC\" \/>\n\t\t<meta property=\"og:description\" content=\"Edouard Geoffrois will bring to the ALT-EDIC his expertise in Language Technologies and his experience in R&amp;D programme management and European cooperation.\" \/>\n\t\t<meta property=\"og:url\" content=\"https:\/\/www.alt-edic.eu\/hr\/news\/the-alt-edic-appoints-its-director\/\" \/>\n\t\t<meta property=\"article:published_time\" content=\"2024-12-05T06:00:00+00:00\" \/>\n\t\t<meta property=\"article:modified_time\" content=\"2024-12-13T09:51:10+00:00\" \/>\n\t\t<meta name=\"twitter:card\" content=\"summary_large_image\" \/>\n\t\t<meta name=\"twitter:title\" content=\"The ALT-EDIC appoints its director \u2013 ALT-EDIC\" \/>\n\t\t<meta name=\"twitter:description\" content=\"Edouard Geoffrois will bring to the ALT-EDIC his expertise in Language Technologies and his experience in R&amp;D programme management and European cooperation.\" \/>\n\t\t<script type=\"application\/ld+json\" class=\"aioseo-schema\">\n\t\t\t{\"@context\":\"https:\\\/\\\/schema.org\",\"@graph\":[{\"@type\":\"BlogPosting\",\"@id\":\"https:\\\/\\\/www.alt-edic.eu\\\/hr\\\/news\\\/the-alt-edic-appoints-its-director\\\/#blogposting\",\"name\":\"The ALT-EDIC appoints its director \\u2013 ALT-EDIC\",\"headline\":\"The ALT-EDIC appoints its director\",\"author\":{\"@id\":\"https:\\\/\\\/www.alt-edic.eu\\\/hr\\\/author\\\/news-alt-edic\\\/#author\"},\"publisher\":{\"@id\":\"https:\\\/\\\/www.alt-edic.eu\\\/hr\\\/#organization\"},\"image\":{\"@type\":\"ImageObject\",\"url\":\"https:\\\/\\\/www.alt-edic.eu\\\/wp-content\\\/uploads\\\/2024\\\/12\\\/photo_geoffrois.jpg\",\"width\":403,\"height\":482,\"caption\":\"Geoffrois Edouard Alt edic\"},\"datePublished\":\"2024-12-05T06:00:00+01:00\",\"dateModified\":\"2024-12-13T10:51:10+01:00\",\"inLanguage\":\"hr\",\"mainEntityOfPage\":{\"@id\":\"https:\\\/\\\/www.alt-edic.eu\\\/hr\\\/news\\\/the-alt-edic-appoints-its-director\\\/#webpage\"},\"isPartOf\":{\"@id\":\"https:\\\/\\\/www.alt-edic.eu\\\/hr\\\/news\\\/the-alt-edic-appoints-its-director\\\/#webpage\"},\"articleSection\":\"News\"},{\"@type\":\"BreadcrumbList\",\"@id\":\"https:\\\/\\\/www.alt-edic.eu\\\/hr\\\/news\\\/the-alt-edic-appoints-its-director\\\/#breadcrumblist\",\"itemListElement\":[{\"@type\":\"ListItem\",\"@id\":\"https:\\\/\\\/www.alt-edic.eu\\\/hr#listItem\",\"position\":1,\"name\":\"Home\",\"item\":\"https:\\\/\\\/www.alt-edic.eu\\\/hr\",\"nextItem\":{\"@type\":\"ListItem\",\"@id\":\"https:\\\/\\\/www.alt-edic.eu\\\/hr\\\/category\\\/news\\\/#listItem\",\"name\":\"News\"}},{\"@type\":\"ListItem\",\"@id\":\"https:\\\/\\\/www.alt-edic.eu\\\/hr\\\/category\\\/news\\\/#listItem\",\"position\":2,\"name\":\"News\",\"item\":\"https:\\\/\\\/www.alt-edic.eu\\\/hr\\\/category\\\/news\\\/\",\"nextItem\":{\"@type\":\"ListItem\",\"@id\":\"https:\\\/\\\/www.alt-edic.eu\\\/hr\\\/news\\\/the-alt-edic-appoints-its-director\\\/#listItem\",\"name\":\"The ALT-EDIC appoints its director\"},\"previousItem\":{\"@type\":\"ListItem\",\"@id\":\"https:\\\/\\\/www.alt-edic.eu\\\/hr#listItem\",\"name\":\"Home\"}},{\"@type\":\"ListItem\",\"@id\":\"https:\\\/\\\/www.alt-edic.eu\\\/hr\\\/news\\\/the-alt-edic-appoints-its-director\\\/#listItem\",\"position\":3,\"name\":\"The ALT-EDIC appoints its director\",\"previousItem\":{\"@type\":\"ListItem\",\"@id\":\"https:\\\/\\\/www.alt-edic.eu\\\/hr\\\/category\\\/news\\\/#listItem\",\"name\":\"News\"}}]},{\"@type\":\"Organization\",\"@id\":\"https:\\\/\\\/www.alt-edic.eu\\\/hr\\\/#organization\",\"name\":\"ALT-EDIC Alliance for Language Technologies (ALT-EDIC)\",\"description\":\"Alliance for Language Technologies EDIC The Alliance for Language Technologies (ALT-EDIC) is a European Digital Infrastructure Consortium supporting the development of Language Technologies. It will promote excellence in language technologies and contribute to the preservation of Europe\\u2019s linguistic diversity and cultural richness.\",\"url\":\"https:\\\/\\\/www.alt-edic.eu\\\/hr\\\/\",\"email\":\"contact@alt-edic.eu\",\"telephone\":\"+33364924355\",\"foundingDate\":\"2024-02-01\",\"numberOfEmployees\":{\"@type\":\"QuantitativeValue\",\"minValue\":0,\"maxValue\":15},\"logo\":{\"@type\":\"ImageObject\",\"url\":\"https:\\\/\\\/www.alt-edic.eu\\\/wp-content\\\/uploads\\\/2024\\\/09\\\/logo_alt-edic_blue_on_white.png\",\"@id\":\"https:\\\/\\\/www.alt-edic.eu\\\/hr\\\/news\\\/the-alt-edic-appoints-its-director\\\/#organizationLogo\",\"width\":2779,\"height\":541,\"caption\":\"Logo Alt-Edic Blue\"},\"image\":{\"@id\":\"https:\\\/\\\/www.alt-edic.eu\\\/hr\\\/news\\\/the-alt-edic-appoints-its-director\\\/#organizationLogo\"},\"sameAs\":[\"https:\\\/\\\/www.linkedin.com\\\/company\\\/alt-edic\\\/\"]},{\"@type\":\"Person\",\"@id\":\"https:\\\/\\\/www.alt-edic.eu\\\/hr\\\/author\\\/news-alt-edic\\\/#author\",\"url\":\"https:\\\/\\\/www.alt-edic.eu\\\/hr\\\/author\\\/news-alt-edic\\\/\",\"name\":\"News ALT-EDIC\",\"image\":{\"@type\":\"ImageObject\",\"@id\":\"https:\\\/\\\/www.alt-edic.eu\\\/hr\\\/news\\\/the-alt-edic-appoints-its-director\\\/#authorImage\",\"url\":\"https:\\\/\\\/secure.gravatar.com\\\/avatar\\\/2f114008dcd1cfeab0b9b1818a54621d4d840e95a663efbbee5b8108ba8d6018?s=96&d=mm&r=g\",\"width\":96,\"height\":96,\"caption\":\"News ALT-EDIC\"}},{\"@type\":\"WebPage\",\"@id\":\"https:\\\/\\\/www.alt-edic.eu\\\/hr\\\/news\\\/the-alt-edic-appoints-its-director\\\/#webpage\",\"url\":\"https:\\\/\\\/www.alt-edic.eu\\\/hr\\\/news\\\/the-alt-edic-appoints-its-director\\\/\",\"name\":\"The ALT-EDIC appoints its director \\u2013 ALT-EDIC\",\"description\":\"Edouard Geoffrois will bring to the ALT-EDIC his expertise in Language Technologies and his experience in R&D programme management and European cooperation.\",\"inLanguage\":\"hr\",\"isPartOf\":{\"@id\":\"https:\\\/\\\/www.alt-edic.eu\\\/hr\\\/#website\"},\"breadcrumb\":{\"@id\":\"https:\\\/\\\/www.alt-edic.eu\\\/hr\\\/news\\\/the-alt-edic-appoints-its-director\\\/#breadcrumblist\"},\"author\":{\"@id\":\"https:\\\/\\\/www.alt-edic.eu\\\/hr\\\/author\\\/news-alt-edic\\\/#author\"},\"creator\":{\"@id\":\"https:\\\/\\\/www.alt-edic.eu\\\/hr\\\/author\\\/news-alt-edic\\\/#author\"},\"image\":{\"@type\":\"ImageObject\",\"url\":\"https:\\\/\\\/www.alt-edic.eu\\\/wp-content\\\/uploads\\\/2024\\\/12\\\/photo_geoffrois.jpg\",\"@id\":\"https:\\\/\\\/www.alt-edic.eu\\\/hr\\\/news\\\/the-alt-edic-appoints-its-director\\\/#mainImage\",\"width\":403,\"height\":482,\"caption\":\"Geoffrois Edouard Alt edic\"},\"primaryImageOfPage\":{\"@id\":\"https:\\\/\\\/www.alt-edic.eu\\\/hr\\\/news\\\/the-alt-edic-appoints-its-director\\\/#mainImage\"},\"datePublished\":\"2024-12-05T06:00:00+01:00\",\"dateModified\":\"2024-12-13T10:51:10+01:00\"},{\"@type\":\"WebSite\",\"@id\":\"https:\\\/\\\/www.alt-edic.eu\\\/hr\\\/#website\",\"url\":\"https:\\\/\\\/www.alt-edic.eu\\\/hr\\\/\",\"name\":\"ALT-EDIC Alliance for Language Technologies\",\"alternateName\":\"ALT-EDIC\",\"description\":\"Alliance for Language Technologies EDIC\",\"inLanguage\":\"hr\",\"publisher\":{\"@id\":\"https:\\\/\\\/www.alt-edic.eu\\\/hr\\\/#organization\"}}]}\n\t\t<\/script>\n\t\t<!-- All in One SEO -->\n\n","aioseo_head_json":{"title":"The ALT-EDIC appoints its director \u2013 ALT-EDIC","description":"Edouard Geoffrois will bring to the ALT-EDIC his expertise in Language Technologies and his experience in R&D programme management and European cooperation.","canonical_url":"https:\/\/www.alt-edic.eu\/hr\/news\/the-alt-edic-appoints-its-director\/","robots":"max-image-preview:large","keywords":"","webmasterTools":{"miscellaneous":""},"schema":{"@context":"https:\/\/schema.org","@graph":[{"@type":"BlogPosting","@id":"https:\/\/www.alt-edic.eu\/hr\/news\/the-alt-edic-appoints-its-director\/#blogposting","name":"The ALT-EDIC appoints its director \u2013 ALT-EDIC","headline":"The ALT-EDIC appoints its director","author":{"@id":"https:\/\/www.alt-edic.eu\/hr\/author\/news-alt-edic\/#author"},"publisher":{"@id":"https:\/\/www.alt-edic.eu\/hr\/#organization"},"image":{"@type":"ImageObject","url":"https:\/\/www.alt-edic.eu\/wp-content\/uploads\/2024\/12\/photo_geoffrois.jpg","width":403,"height":482,"caption":"Geoffrois Edouard Alt edic"},"datePublished":"2024-12-05T06:00:00+01:00","dateModified":"2024-12-13T10:51:10+01:00","inLanguage":"hr","mainEntityOfPage":{"@id":"https:\/\/www.alt-edic.eu\/hr\/news\/the-alt-edic-appoints-its-director\/#webpage"},"isPartOf":{"@id":"https:\/\/www.alt-edic.eu\/hr\/news\/the-alt-edic-appoints-its-director\/#webpage"},"articleSection":"News"},{"@type":"BreadcrumbList","@id":"https:\/\/www.alt-edic.eu\/hr\/news\/the-alt-edic-appoints-its-director\/#breadcrumblist","itemListElement":[{"@type":"ListItem","@id":"https:\/\/www.alt-edic.eu\/hr#listItem","position":1,"name":"Home","item":"https:\/\/www.alt-edic.eu\/hr","nextItem":{"@type":"ListItem","@id":"https:\/\/www.alt-edic.eu\/hr\/category\/news\/#listItem","name":"News"}},{"@type":"ListItem","@id":"https:\/\/www.alt-edic.eu\/hr\/category\/news\/#listItem","position":2,"name":"News","item":"https:\/\/www.alt-edic.eu\/hr\/category\/news\/","nextItem":{"@type":"ListItem","@id":"https:\/\/www.alt-edic.eu\/hr\/news\/the-alt-edic-appoints-its-director\/#listItem","name":"The ALT-EDIC appoints its director"},"previousItem":{"@type":"ListItem","@id":"https:\/\/www.alt-edic.eu\/hr#listItem","name":"Home"}},{"@type":"ListItem","@id":"https:\/\/www.alt-edic.eu\/hr\/news\/the-alt-edic-appoints-its-director\/#listItem","position":3,"name":"The ALT-EDIC appoints its director","previousItem":{"@type":"ListItem","@id":"https:\/\/www.alt-edic.eu\/hr\/category\/news\/#listItem","name":"News"}}]},{"@type":"Organization","@id":"https:\/\/www.alt-edic.eu\/hr\/#organization","name":"ALT-EDIC Alliance for Language Technologies (ALT-EDIC)","description":"Alliance for Language Technologies EDIC The Alliance for Language Technologies (ALT-EDIC) is a European Digital Infrastructure Consortium supporting the development of Language Technologies. It will promote excellence in language technologies and contribute to the preservation of Europe\u2019s linguistic diversity and cultural richness.","url":"https:\/\/www.alt-edic.eu\/hr\/","email":"contact@alt-edic.eu","telephone":"+33364924355","foundingDate":"2024-02-01","numberOfEmployees":{"@type":"QuantitativeValue","minValue":0,"maxValue":15},"logo":{"@type":"ImageObject","url":"https:\/\/www.alt-edic.eu\/wp-content\/uploads\/2024\/09\/logo_alt-edic_blue_on_white.png","@id":"https:\/\/www.alt-edic.eu\/hr\/news\/the-alt-edic-appoints-its-director\/#organizationLogo","width":2779,"height":541,"caption":"Logo Alt-Edic Blue"},"image":{"@id":"https:\/\/www.alt-edic.eu\/hr\/news\/the-alt-edic-appoints-its-director\/#organizationLogo"},"sameAs":["https:\/\/www.linkedin.com\/company\/alt-edic\/"]},{"@type":"Person","@id":"https:\/\/www.alt-edic.eu\/hr\/author\/news-alt-edic\/#author","url":"https:\/\/www.alt-edic.eu\/hr\/author\/news-alt-edic\/","name":"News ALT-EDIC","image":{"@type":"ImageObject","@id":"https:\/\/www.alt-edic.eu\/hr\/news\/the-alt-edic-appoints-its-director\/#authorImage","url":"https:\/\/secure.gravatar.com\/avatar\/2f114008dcd1cfeab0b9b1818a54621d4d840e95a663efbbee5b8108ba8d6018?s=96&d=mm&r=g","width":96,"height":96,"caption":"News ALT-EDIC"}},{"@type":"WebPage","@id":"https:\/\/www.alt-edic.eu\/hr\/news\/the-alt-edic-appoints-its-director\/#webpage","url":"https:\/\/www.alt-edic.eu\/hr\/news\/the-alt-edic-appoints-its-director\/","name":"The ALT-EDIC appoints its director \u2013 ALT-EDIC","description":"Edouard Geoffrois will bring to the ALT-EDIC his expertise in Language Technologies and his experience in R&D programme management and European cooperation.","inLanguage":"hr","isPartOf":{"@id":"https:\/\/www.alt-edic.eu\/hr\/#website"},"breadcrumb":{"@id":"https:\/\/www.alt-edic.eu\/hr\/news\/the-alt-edic-appoints-its-director\/#breadcrumblist"},"author":{"@id":"https:\/\/www.alt-edic.eu\/hr\/author\/news-alt-edic\/#author"},"creator":{"@id":"https:\/\/www.alt-edic.eu\/hr\/author\/news-alt-edic\/#author"},"image":{"@type":"ImageObject","url":"https:\/\/www.alt-edic.eu\/wp-content\/uploads\/2024\/12\/photo_geoffrois.jpg","@id":"https:\/\/www.alt-edic.eu\/hr\/news\/the-alt-edic-appoints-its-director\/#mainImage","width":403,"height":482,"caption":"Geoffrois Edouard Alt edic"},"primaryImageOfPage":{"@id":"https:\/\/www.alt-edic.eu\/hr\/news\/the-alt-edic-appoints-its-director\/#mainImage"},"datePublished":"2024-12-05T06:00:00+01:00","dateModified":"2024-12-13T10:51:10+01:00"},{"@type":"WebSite","@id":"https:\/\/www.alt-edic.eu\/hr\/#website","url":"https:\/\/www.alt-edic.eu\/hr\/","name":"ALT-EDIC Alliance for Language Technologies","alternateName":"ALT-EDIC","description":"Alliance for Language Technologies EDIC","inLanguage":"hr","publisher":{"@id":"https:\/\/www.alt-edic.eu\/hr\/#organization"}}]},"og:locale":"hr_HR","og:site_name":"ALT-EDIC \u2013 Alliance for Language Technologies EDIC","og:type":"article","og:title":"The ALT-EDIC appoints its director \u2013 ALT-EDIC","og:description":"Edouard Geoffrois will bring to the ALT-EDIC his expertise in Language Technologies and his experience in R&amp;D programme management and European cooperation.","og:url":"https:\/\/www.alt-edic.eu\/hr\/news\/the-alt-edic-appoints-its-director\/","article:published_time":"2024-12-05T06:00:00+00:00","article:modified_time":"2024-12-13T09:51:10+00:00","twitter:card":"summary_large_image","twitter:title":"The ALT-EDIC appoints its director \u2013 ALT-EDIC","twitter:description":"Edouard Geoffrois will bring to the ALT-EDIC his expertise in Language Technologies and his experience in R&amp;D programme management and European cooperation."},"aioseo_meta_data":{"post_id":"9618","title":null,"description":null,"keywords":null,"keyphrases":{"focus":{"keyphrase":"","score":0,"analysis":{"keyphraseInTitle":{"score":0,"maxScore":9,"error":1}}},"additional":[]},"primary_term":null,"canonical_url":null,"og_title":null,"og_description":null,"og_object_type":"default","og_image_type":"default","og_image_url":null,"og_image_width":null,"og_image_height":null,"og_image_custom_url":null,"og_image_custom_fields":null,"og_video":"","og_custom_url":null,"og_article_section":null,"og_article_tags":null,"twitter_use_og":false,"twitter_card":"default","twitter_image_type":"default","twitter_image_url":null,"twitter_image_custom_url":null,"twitter_image_custom_fields":null,"twitter_title":null,"twitter_description":null,"schema":{"blockGraphs":[],"customGraphs":[],"default":{"data":{"Article":[],"Course":[],"Dataset":[],"FAQPage":[],"Movie":[],"Person":[],"Product":[],"ProductReview":[],"Car":[],"Recipe":[],"Service":[],"SoftwareApplication":[],"WebPage":[]},"graphName":"BlogPosting","isEnabled":true},"graphs":[]},"schema_type":"default","schema_type_options":null,"pillar_content":false,"robots_default":true,"robots_noindex":false,"robots_noarchive":false,"robots_nosnippet":false,"robots_nofollow":false,"robots_noimageindex":false,"robots_noodp":false,"robots_notranslate":false,"robots_max_snippet":"-1","robots_max_videopreview":"-1","robots_max_imagepreview":"large","priority":null,"frequency":"default","local_seo":null,"breadcrumb_settings":null,"limit_modified_date":false,"ai":null,"created":"2024-11-18 14:34:02","updated":"2025-06-10 20:37:13","seo_analyzer_scan_date":null,"focus_keyword":null,"additional_keywords":null,"truseo_locale":null},"aioseo_breadcrumb":"<div class=\"aioseo-breadcrumbs\"><span class=\"aioseo-breadcrumb\">\n\t\t\t<a href=\"https:\/\/www.alt-edic.eu\/hr\" title=\"Home\">Home<\/a>\n\t\t<\/span><span class=\"aioseo-breadcrumb-separator\">\/<\/span><span class=\"aioseo-breadcrumb\">\n\t\t\t<a href=\"https:\/\/www.alt-edic.eu\/hr\/category\/news\/\" title=\"News\">News<\/a>\n\t\t<\/span><span class=\"aioseo-breadcrumb-separator\">\/<\/span><span class=\"aioseo-breadcrumb\">\n\t\t\tThe ALT-EDIC appoints its director\n\t\t<\/span><\/div>","aioseo_breadcrumb_json":[{"label":"Home","link":"https:\/\/www.alt-edic.eu\/hr"},{"label":"News","link":"https:\/\/www.alt-edic.eu\/hr\/category\/news\/"},{"label":"The ALT-EDIC appoints its director","link":"https:\/\/www.alt-edic.eu\/hr\/news\/the-alt-edic-appoints-its-director\/"}],"_links":{"self":[{"href":"https:\/\/www.alt-edic.eu\/hr\/wp-json\/wp\/v2\/posts\/9618","targetHints":{"allow":["GET"]}}],"collection":[{"href":"https:\/\/www.alt-edic.eu\/hr\/wp-json\/wp\/v2\/posts"}],"about":[{"href":"https:\/\/www.alt-edic.eu\/hr\/wp-json\/wp\/v2\/types\/post"}],"author":[{"embeddable":true,"href":"https:\/\/www.alt-edic.eu\/hr\/wp-json\/wp\/v2\/users\/32"}],"replies":[{"embeddable":true,"href":"https:\/\/www.alt-edic.eu\/hr\/wp-json\/wp\/v2\/comments?post=9618"}],"version-history":[{"count":0,"href":"https:\/\/www.alt-edic.eu\/hr\/wp-json\/wp\/v2\/posts\/9618\/revisions"}],"wp:featuredmedia":[{"embeddable":true,"href":"https:\/\/www.alt-edic.eu\/hr\/wp-json\/wp\/v2\/media\/10236"}],"wp:attachment":[{"href":"https:\/\/www.alt-edic.eu\/hr\/wp-json\/wp\/v2\/media?parent=9618"}],"wp:term":[{"taxonomy":"category","embeddable":true,"href":"https:\/\/www.alt-edic.eu\/hr\/wp-json\/wp\/v2\/categories?post=9618"},{"taxonomy":"post_tag","embeddable":true,"href":"https:\/\/www.alt-edic.eu\/hr\/wp-json\/wp\/v2\/tags?post=9618"}],"curies":[{"name":"wp","href":"https:\/\/api.w.org\/{rel}","templated":true}]}}