{"id":9618,"date":"2024-12-05T06:00:00","date_gmt":"2024-12-05T06:00:00","guid":{"rendered":"https:\/\/alt-edic.eu\/?p=9618"},"modified":"2024-12-13T10:51:10","modified_gmt":"2024-12-13T09:51:10","slug":"the-alt-edic-appoints-its-director","status":"publish","type":"post","link":"https:\/\/www.alt-edic.eu\/ga\/news\/the-alt-edic-appoints-its-director\/","title":{"rendered":"<p>Ceapann ALT-EDIC a sti\u00farth\u00f3ir<\/p>"},"content":{"rendered":"<div data-elementor-type=\"wp-post\" data-elementor-id=\"9618\" class=\"elementor elementor-9618\" data-elementor-post-type=\"post\">\n\t\t\t\t<div class=\"elementor-element elementor-element-1d3db17b e-flex e-con-boxed e-con e-parent\" data-id=\"1d3db17b\" data-element_type=\"container\" data-e-type=\"container\">\n\t\t\t\t\t<div class=\"e-con-inner\">\n\t\t\t\t<div class=\"elementor-element elementor-element-2ffcf7d3 elementor-widget elementor-widget-text-editor\" data-id=\"2ffcf7d3\" data-element_type=\"widget\" data-e-type=\"widget\" data-widget_type=\"text-editor.default\">\n\t\t\t\t<div class=\"elementor-widget-container\">\n\t\t\t\t\t\t\t\t\t<p>T\u00e1 \u00e1thas ar an ALT-EDIC a fh\u00f3gairt gur ceapadh a ch\u00e9ad sti\u00farth\u00f3ir, Edouard Geoffrois. Rachaidh s\u00e9 i mbun a phoist an 1 Ean\u00e1ir 2025, agus tiocfaidh s\u00e9 i gcomharbacht ar Tibault Grouas, Cathaoirleach Thion\u00f3l Comhalta\u00ed ALT-EDIC, a bh\u00ed ina sti\u00farth\u00f3ir go dt\u00ed sin.<\/p>\n<p><!-- \/wp:paragraph --><!-- wp:paragraph --><\/p>\n<p>T\u00e1 an sti\u00farth\u00f3ir i gceannas ar fhoireann ALT-EDIC a earc\u00fa agus d\u00e9anfaidh s\u00e9 gn\u00edomha\u00edochta\u00ed agus oibr\u00edochta\u00ed ALT-EDIC a bhainisti\u00fa. Cinnteoidh s\u00e9 comhoibri\u00fa le p\u00e1irtithe leasmhara \u00e9ags\u00fala ALT-EDIC, lena n-\u00e1ir\u00edtear Tion\u00f3l na gComhalta\u00ed, an Coiste um Threoshu\u00edomh Strait\u00e9iseach agus na tionscail. Beidh s\u00e9 freagrach freisin as forbairt ALT-EDIC a thiom\u00e1int i dtreo seirbh\u00eds\u00ed l\u00e1naib\u00ed agus oibr\u00edocht\u00fala, i gcomhr\u00e9ir le Cl\u00e1r Beartais 2030 don Deac\u00e1id Dhigiteach.<\/p>\n<p>T\u00e1 PhD ag Edouard Geoffrois ar an \u00e1bhar Aitheantas Urlabhra Uathoibr\u00edoch agus chruthaigh s\u00e9 na gn\u00edomha\u00edochta\u00ed ar Theicneola\u00edochta\u00ed Teanga in Aireacht Cosanta na Fraince. T\u00e1 comhar ilt\u00edre \u00e1 chomhord\u00fa aige le taca\u00edocht \u00f3n Aontas (ERA-NETs) i r\u00e9imse na dTeicneola\u00edochta\u00ed Faisn\u00e9ise agus Cumars\u00e1ide ag Gn\u00edomhaireacht N\u00e1isi\u00fanta Taighde na Fraince (ANR), agus \u00f3 2019 i leith t\u00e1 s\u00e9 ag obair ag an gCoimisi\u00fan Eorpach ar an gCiste Eorpach Cosanta agus b\u00e9im \u00e1 leagan aige ar an Intleacht Shaorga. T\u00e1 taith\u00ed fhairsing aige ar shonra\u00ed teanga a chruth\u00fa agus a bhainisti\u00fa agus ar fheachtais mheast\u00f3ireachta a dhearadh agus a eagr\u00fa, chomh maith le cl\u00e1ir mh\u00f3ra chasta T &amp; F a bhainisti\u00fa.<\/p>\n<p><!-- \/wp:paragraph --><!-- wp:paragraph --><\/p>\n<p>Edouard Geoffrois: \u00ab <em>Le teacht chun cinn samhlacha teanga m\u00f3ra ardfheidhm\u00edochta agus IS gini\u00fanach, scaoileadh samhlacha foinse oscailte \u00farscothacha, agus teacht chun cinn bunsamhlacha is f\u00e9idir le tr\u00ed\u00fa p\u00e1irtithe agus \u00fas\u00e1ideoir\u00ed a oiri\u00fan\u00fa, t\u00e1 r\u00e9imse na dteicneola\u00edochta\u00ed teanga ag gluaiseacht go tapa. T\u00e1 forbairt na dteicneola\u00edochta\u00ed sin san Eoraip an-ghn\u00edomhach agus, n\u00edos m\u00f3 n\u00e1 riamh, chun \u00e9ifeacht\u00falacht na forbartha sin a \u00e1irithi\u00fa, t\u00e1 g\u00e1 le hacmhainn\u00ed teanga comhthiomsaithe agus le hiarrachta\u00ed forbartha a ch\u00f3nascadh. Mar eintiteas Eorpach a bhfuil misean poibl\u00ed aige freastal ar phobal LT, t\u00e1 ALT-EDIC an-oiri\u00fanach chun aghaidh a thabhairt ar na bearna\u00ed sin.<\/em> \u00bb<\/p>\n<p><!-- \/wp:paragraph --><!-- wp:paragraph --><\/p>\n<p><!-- \/wp:paragraph --><\/p>\t\t\t\t\t\t\t\t<\/div>\n\t\t\t\t<\/div>\n\t\t\t\t\t<\/div>\n\t\t\t\t<\/div>\n\t\t\t\t<\/div>","protected":false},"excerpt":{"rendered":"<p>Tabharfaidh Edouard Geoffrois a shaineolas i dTeicneola\u00edochta\u00ed Teanga agus a thaith\u00ed i mbainisti\u00fa cl\u00e1r T&amp;F agus i gcomhar Eorpach chuig ALT-EDIC.  <\/p>","protected":false},"author":32,"featured_media":10236,"comment_status":"closed","ping_status":"open","sticky":false,"template":"","format":"standard","meta":{"footnotes":""},"categories":[189],"tags":[],"class_list":["post-9618","post","type-post","status-publish","format-standard","has-post-thumbnail","hentry","category-news"],"aioseo_notices":[],"aioseo_head":"\n\t\t<!-- All in One SEO 5.0.0.1 - aioseo.com -->\n\t<meta name=\"description\" content=\"Edouard Geoffrois will bring to the ALT-EDIC his expertise in Language Technologies and his experience in R&amp;D programme management and European cooperation.\" \/>\n\t<meta name=\"robots\" content=\"max-image-preview:large\" \/>\n\t<meta name=\"author\" content=\"News ALT-EDIC\"\/>\n\t<link rel=\"canonical\" href=\"https:\/\/www.alt-edic.eu\/ga\/news\/the-alt-edic-appoints-its-director\/\" \/>\n\t<meta name=\"generator\" content=\"All in One SEO (AIOSEO) 5.0.0.1\" \/>\n\t\t<meta property=\"og:locale\" content=\"ga_IE\" \/>\n\t\t<meta property=\"og:site_name\" content=\"ALT-EDIC \u2013 Alliance for Language Technologies EDIC\" \/>\n\t\t<meta property=\"og:type\" content=\"article\" \/>\n\t\t<meta property=\"og:title\" content=\"The ALT-EDIC appoints its director \u2013 ALT-EDIC\" \/>\n\t\t<meta property=\"og:description\" content=\"Edouard Geoffrois will bring to the ALT-EDIC his expertise in Language Technologies and his experience in R&amp;D programme management and European cooperation.\" \/>\n\t\t<meta property=\"og:url\" content=\"https:\/\/www.alt-edic.eu\/ga\/news\/the-alt-edic-appoints-its-director\/\" \/>\n\t\t<meta property=\"article:published_time\" content=\"2024-12-05T06:00:00+00:00\" \/>\n\t\t<meta property=\"article:modified_time\" content=\"2024-12-13T09:51:10+00:00\" \/>\n\t\t<meta name=\"twitter:card\" content=\"summary_large_image\" \/>\n\t\t<meta name=\"twitter:title\" content=\"The ALT-EDIC appoints its director \u2013 ALT-EDIC\" \/>\n\t\t<meta name=\"twitter:description\" content=\"Edouard Geoffrois will bring to the ALT-EDIC his expertise in Language Technologies and his experience in R&amp;D programme management and European cooperation.\" \/>\n\t\t<script type=\"application\/ld+json\" class=\"aioseo-schema\">\n\t\t\t{\"@context\":\"https:\\\/\\\/schema.org\",\"@graph\":[{\"@type\":\"BlogPosting\",\"@id\":\"https:\\\/\\\/www.alt-edic.eu\\\/ga\\\/news\\\/the-alt-edic-appoints-its-director\\\/#blogposting\",\"name\":\"The ALT-EDIC appoints its director \\u2013 ALT-EDIC\",\"headline\":\"The ALT-EDIC appoints its director\",\"author\":{\"@id\":\"https:\\\/\\\/www.alt-edic.eu\\\/ga\\\/author\\\/news-alt-edic\\\/#author\"},\"publisher\":{\"@id\":\"https:\\\/\\\/www.alt-edic.eu\\\/ga\\\/#organization\"},\"image\":{\"@type\":\"ImageObject\",\"url\":\"https:\\\/\\\/www.alt-edic.eu\\\/wp-content\\\/uploads\\\/2024\\\/12\\\/photo_geoffrois.jpg\",\"width\":403,\"height\":482,\"caption\":\"Geoffrois Edouard Alt edic\"},\"datePublished\":\"2024-12-05T06:00:00+01:00\",\"dateModified\":\"2024-12-13T10:51:10+01:00\",\"inLanguage\":\"ga-IE\",\"mainEntityOfPage\":{\"@id\":\"https:\\\/\\\/www.alt-edic.eu\\\/ga\\\/news\\\/the-alt-edic-appoints-its-director\\\/#webpage\"},\"isPartOf\":{\"@id\":\"https:\\\/\\\/www.alt-edic.eu\\\/ga\\\/news\\\/the-alt-edic-appoints-its-director\\\/#webpage\"},\"articleSection\":\"News\"},{\"@type\":\"BreadcrumbList\",\"@id\":\"https:\\\/\\\/www.alt-edic.eu\\\/ga\\\/news\\\/the-alt-edic-appoints-its-director\\\/#breadcrumblist\",\"itemListElement\":[{\"@type\":\"ListItem\",\"@id\":\"https:\\\/\\\/www.alt-edic.eu\\\/ga#listItem\",\"position\":1,\"name\":\"Home\",\"item\":\"https:\\\/\\\/www.alt-edic.eu\\\/ga\",\"nextItem\":{\"@type\":\"ListItem\",\"@id\":\"https:\\\/\\\/www.alt-edic.eu\\\/ga\\\/category\\\/news\\\/#listItem\",\"name\":\"News\"}},{\"@type\":\"ListItem\",\"@id\":\"https:\\\/\\\/www.alt-edic.eu\\\/ga\\\/category\\\/news\\\/#listItem\",\"position\":2,\"name\":\"News\",\"item\":\"https:\\\/\\\/www.alt-edic.eu\\\/ga\\\/category\\\/news\\\/\",\"nextItem\":{\"@type\":\"ListItem\",\"@id\":\"https:\\\/\\\/www.alt-edic.eu\\\/ga\\\/news\\\/the-alt-edic-appoints-its-director\\\/#listItem\",\"name\":\"The ALT-EDIC appoints its director\"},\"previousItem\":{\"@type\":\"ListItem\",\"@id\":\"https:\\\/\\\/www.alt-edic.eu\\\/ga#listItem\",\"name\":\"Home\"}},{\"@type\":\"ListItem\",\"@id\":\"https:\\\/\\\/www.alt-edic.eu\\\/ga\\\/news\\\/the-alt-edic-appoints-its-director\\\/#listItem\",\"position\":3,\"name\":\"The ALT-EDIC appoints its director\",\"previousItem\":{\"@type\":\"ListItem\",\"@id\":\"https:\\\/\\\/www.alt-edic.eu\\\/ga\\\/category\\\/news\\\/#listItem\",\"name\":\"News\"}}]},{\"@type\":\"Organization\",\"@id\":\"https:\\\/\\\/www.alt-edic.eu\\\/ga\\\/#organization\",\"name\":\"ALT-EDIC Alliance for Language Technologies (ALT-EDIC)\",\"description\":\"Alliance for Language Technologies EDIC The Alliance for Language Technologies (ALT-EDIC) is a European Digital Infrastructure Consortium supporting the development of Language Technologies. It will promote excellence in language technologies and contribute to the preservation of Europe\\u2019s linguistic diversity and cultural richness.\",\"url\":\"https:\\\/\\\/www.alt-edic.eu\\\/ga\\\/\",\"email\":\"contact@alt-edic.eu\",\"telephone\":\"+33364924355\",\"foundingDate\":\"2024-02-01\",\"numberOfEmployees\":{\"@type\":\"QuantitativeValue\",\"minValue\":0,\"maxValue\":15},\"logo\":{\"@type\":\"ImageObject\",\"url\":\"https:\\\/\\\/www.alt-edic.eu\\\/wp-content\\\/uploads\\\/2024\\\/09\\\/logo_alt-edic_blue_on_white.png\",\"@id\":\"https:\\\/\\\/www.alt-edic.eu\\\/ga\\\/news\\\/the-alt-edic-appoints-its-director\\\/#organizationLogo\",\"width\":2779,\"height\":541,\"caption\":\"Logo Alt-Edic Blue\"},\"image\":{\"@id\":\"https:\\\/\\\/www.alt-edic.eu\\\/ga\\\/news\\\/the-alt-edic-appoints-its-director\\\/#organizationLogo\"},\"sameAs\":[\"https:\\\/\\\/www.linkedin.com\\\/company\\\/alt-edic\\\/\"]},{\"@type\":\"Person\",\"@id\":\"https:\\\/\\\/www.alt-edic.eu\\\/ga\\\/author\\\/news-alt-edic\\\/#author\",\"url\":\"https:\\\/\\\/www.alt-edic.eu\\\/ga\\\/author\\\/news-alt-edic\\\/\",\"name\":\"News ALT-EDIC\",\"image\":{\"@type\":\"ImageObject\",\"@id\":\"https:\\\/\\\/www.alt-edic.eu\\\/ga\\\/news\\\/the-alt-edic-appoints-its-director\\\/#authorImage\",\"url\":\"https:\\\/\\\/secure.gravatar.com\\\/avatar\\\/2f114008dcd1cfeab0b9b1818a54621d4d840e95a663efbbee5b8108ba8d6018?s=96&d=mm&r=g\",\"width\":96,\"height\":96,\"caption\":\"News ALT-EDIC\"}},{\"@type\":\"WebPage\",\"@id\":\"https:\\\/\\\/www.alt-edic.eu\\\/ga\\\/news\\\/the-alt-edic-appoints-its-director\\\/#webpage\",\"url\":\"https:\\\/\\\/www.alt-edic.eu\\\/ga\\\/news\\\/the-alt-edic-appoints-its-director\\\/\",\"name\":\"The ALT-EDIC appoints its director \\u2013 ALT-EDIC\",\"description\":\"Edouard Geoffrois will bring to the ALT-EDIC his expertise in Language Technologies and his experience in R&D programme management and European cooperation.\",\"inLanguage\":\"ga-IE\",\"isPartOf\":{\"@id\":\"https:\\\/\\\/www.alt-edic.eu\\\/ga\\\/#website\"},\"breadcrumb\":{\"@id\":\"https:\\\/\\\/www.alt-edic.eu\\\/ga\\\/news\\\/the-alt-edic-appoints-its-director\\\/#breadcrumblist\"},\"author\":{\"@id\":\"https:\\\/\\\/www.alt-edic.eu\\\/ga\\\/author\\\/news-alt-edic\\\/#author\"},\"creator\":{\"@id\":\"https:\\\/\\\/www.alt-edic.eu\\\/ga\\\/author\\\/news-alt-edic\\\/#author\"},\"image\":{\"@type\":\"ImageObject\",\"url\":\"https:\\\/\\\/www.alt-edic.eu\\\/wp-content\\\/uploads\\\/2024\\\/12\\\/photo_geoffrois.jpg\",\"@id\":\"https:\\\/\\\/www.alt-edic.eu\\\/ga\\\/news\\\/the-alt-edic-appoints-its-director\\\/#mainImage\",\"width\":403,\"height\":482,\"caption\":\"Geoffrois Edouard Alt edic\"},\"primaryImageOfPage\":{\"@id\":\"https:\\\/\\\/www.alt-edic.eu\\\/ga\\\/news\\\/the-alt-edic-appoints-its-director\\\/#mainImage\"},\"datePublished\":\"2024-12-05T06:00:00+01:00\",\"dateModified\":\"2024-12-13T10:51:10+01:00\"},{\"@type\":\"WebSite\",\"@id\":\"https:\\\/\\\/www.alt-edic.eu\\\/ga\\\/#website\",\"url\":\"https:\\\/\\\/www.alt-edic.eu\\\/ga\\\/\",\"name\":\"ALT-EDIC Alliance for Language Technologies\",\"alternateName\":\"ALT-EDIC\",\"description\":\"Alliance for Language Technologies EDIC\",\"inLanguage\":\"ga-IE\",\"publisher\":{\"@id\":\"https:\\\/\\\/www.alt-edic.eu\\\/ga\\\/#organization\"}}]}\n\t\t<\/script>\n\t\t<!-- All in One SEO -->\n\n","aioseo_head_json":{"title":"The ALT-EDIC appoints its director \u2013 ALT-EDIC","description":"Edouard Geoffrois will bring to the ALT-EDIC his expertise in Language Technologies and his experience in R&D programme management and European cooperation.","canonical_url":"https:\/\/www.alt-edic.eu\/ga\/news\/the-alt-edic-appoints-its-director\/","robots":"max-image-preview:large","keywords":"","webmasterTools":{"miscellaneous":""},"schema":{"@context":"https:\/\/schema.org","@graph":[{"@type":"BlogPosting","@id":"https:\/\/www.alt-edic.eu\/ga\/news\/the-alt-edic-appoints-its-director\/#blogposting","name":"The ALT-EDIC appoints its director \u2013 ALT-EDIC","headline":"The ALT-EDIC appoints its director","author":{"@id":"https:\/\/www.alt-edic.eu\/ga\/author\/news-alt-edic\/#author"},"publisher":{"@id":"https:\/\/www.alt-edic.eu\/ga\/#organization"},"image":{"@type":"ImageObject","url":"https:\/\/www.alt-edic.eu\/wp-content\/uploads\/2024\/12\/photo_geoffrois.jpg","width":403,"height":482,"caption":"Geoffrois Edouard Alt edic"},"datePublished":"2024-12-05T06:00:00+01:00","dateModified":"2024-12-13T10:51:10+01:00","inLanguage":"ga-IE","mainEntityOfPage":{"@id":"https:\/\/www.alt-edic.eu\/ga\/news\/the-alt-edic-appoints-its-director\/#webpage"},"isPartOf":{"@id":"https:\/\/www.alt-edic.eu\/ga\/news\/the-alt-edic-appoints-its-director\/#webpage"},"articleSection":"News"},{"@type":"BreadcrumbList","@id":"https:\/\/www.alt-edic.eu\/ga\/news\/the-alt-edic-appoints-its-director\/#breadcrumblist","itemListElement":[{"@type":"ListItem","@id":"https:\/\/www.alt-edic.eu\/ga#listItem","position":1,"name":"Home","item":"https:\/\/www.alt-edic.eu\/ga","nextItem":{"@type":"ListItem","@id":"https:\/\/www.alt-edic.eu\/ga\/category\/news\/#listItem","name":"News"}},{"@type":"ListItem","@id":"https:\/\/www.alt-edic.eu\/ga\/category\/news\/#listItem","position":2,"name":"News","item":"https:\/\/www.alt-edic.eu\/ga\/category\/news\/","nextItem":{"@type":"ListItem","@id":"https:\/\/www.alt-edic.eu\/ga\/news\/the-alt-edic-appoints-its-director\/#listItem","name":"The ALT-EDIC appoints its director"},"previousItem":{"@type":"ListItem","@id":"https:\/\/www.alt-edic.eu\/ga#listItem","name":"Home"}},{"@type":"ListItem","@id":"https:\/\/www.alt-edic.eu\/ga\/news\/the-alt-edic-appoints-its-director\/#listItem","position":3,"name":"The ALT-EDIC appoints its director","previousItem":{"@type":"ListItem","@id":"https:\/\/www.alt-edic.eu\/ga\/category\/news\/#listItem","name":"News"}}]},{"@type":"Organization","@id":"https:\/\/www.alt-edic.eu\/ga\/#organization","name":"ALT-EDIC Alliance for Language Technologies (ALT-EDIC)","description":"Alliance for Language Technologies EDIC The Alliance for Language Technologies (ALT-EDIC) is a European Digital Infrastructure Consortium supporting the development of Language Technologies. It will promote excellence in language technologies and contribute to the preservation of Europe\u2019s linguistic diversity and cultural richness.","url":"https:\/\/www.alt-edic.eu\/ga\/","email":"contact@alt-edic.eu","telephone":"+33364924355","foundingDate":"2024-02-01","numberOfEmployees":{"@type":"QuantitativeValue","minValue":0,"maxValue":15},"logo":{"@type":"ImageObject","url":"https:\/\/www.alt-edic.eu\/wp-content\/uploads\/2024\/09\/logo_alt-edic_blue_on_white.png","@id":"https:\/\/www.alt-edic.eu\/ga\/news\/the-alt-edic-appoints-its-director\/#organizationLogo","width":2779,"height":541,"caption":"Logo Alt-Edic Blue"},"image":{"@id":"https:\/\/www.alt-edic.eu\/ga\/news\/the-alt-edic-appoints-its-director\/#organizationLogo"},"sameAs":["https:\/\/www.linkedin.com\/company\/alt-edic\/"]},{"@type":"Person","@id":"https:\/\/www.alt-edic.eu\/ga\/author\/news-alt-edic\/#author","url":"https:\/\/www.alt-edic.eu\/ga\/author\/news-alt-edic\/","name":"News ALT-EDIC","image":{"@type":"ImageObject","@id":"https:\/\/www.alt-edic.eu\/ga\/news\/the-alt-edic-appoints-its-director\/#authorImage","url":"https:\/\/secure.gravatar.com\/avatar\/2f114008dcd1cfeab0b9b1818a54621d4d840e95a663efbbee5b8108ba8d6018?s=96&d=mm&r=g","width":96,"height":96,"caption":"News ALT-EDIC"}},{"@type":"WebPage","@id":"https:\/\/www.alt-edic.eu\/ga\/news\/the-alt-edic-appoints-its-director\/#webpage","url":"https:\/\/www.alt-edic.eu\/ga\/news\/the-alt-edic-appoints-its-director\/","name":"The ALT-EDIC appoints its director \u2013 ALT-EDIC","description":"Edouard Geoffrois will bring to the ALT-EDIC his expertise in Language Technologies and his experience in R&D programme management and European cooperation.","inLanguage":"ga-IE","isPartOf":{"@id":"https:\/\/www.alt-edic.eu\/ga\/#website"},"breadcrumb":{"@id":"https:\/\/www.alt-edic.eu\/ga\/news\/the-alt-edic-appoints-its-director\/#breadcrumblist"},"author":{"@id":"https:\/\/www.alt-edic.eu\/ga\/author\/news-alt-edic\/#author"},"creator":{"@id":"https:\/\/www.alt-edic.eu\/ga\/author\/news-alt-edic\/#author"},"image":{"@type":"ImageObject","url":"https:\/\/www.alt-edic.eu\/wp-content\/uploads\/2024\/12\/photo_geoffrois.jpg","@id":"https:\/\/www.alt-edic.eu\/ga\/news\/the-alt-edic-appoints-its-director\/#mainImage","width":403,"height":482,"caption":"Geoffrois Edouard Alt edic"},"primaryImageOfPage":{"@id":"https:\/\/www.alt-edic.eu\/ga\/news\/the-alt-edic-appoints-its-director\/#mainImage"},"datePublished":"2024-12-05T06:00:00+01:00","dateModified":"2024-12-13T10:51:10+01:00"},{"@type":"WebSite","@id":"https:\/\/www.alt-edic.eu\/ga\/#website","url":"https:\/\/www.alt-edic.eu\/ga\/","name":"ALT-EDIC Alliance for Language Technologies","alternateName":"ALT-EDIC","description":"Alliance for Language Technologies EDIC","inLanguage":"ga-IE","publisher":{"@id":"https:\/\/www.alt-edic.eu\/ga\/#organization"}}]},"og:locale":"ga_IE","og:site_name":"ALT-EDIC \u2013 Alliance for Language Technologies EDIC","og:type":"article","og:title":"The ALT-EDIC appoints its director \u2013 ALT-EDIC","og:description":"Edouard Geoffrois will bring to the ALT-EDIC his expertise in Language Technologies and his experience in R&amp;D programme management and European cooperation.","og:url":"https:\/\/www.alt-edic.eu\/ga\/news\/the-alt-edic-appoints-its-director\/","article:published_time":"2024-12-05T06:00:00+00:00","article:modified_time":"2024-12-13T09:51:10+00:00","twitter:card":"summary_large_image","twitter:title":"The ALT-EDIC appoints its director \u2013 ALT-EDIC","twitter:description":"Edouard Geoffrois will bring to the ALT-EDIC his expertise in Language Technologies and his experience in R&amp;D programme management and European cooperation."},"aioseo_meta_data":{"post_id":"9618","title":null,"description":null,"keywords":null,"keyphrases":{"focus":{"keyphrase":"","score":0,"analysis":{"keyphraseInTitle":{"score":0,"maxScore":9,"error":1}}},"additional":[]},"primary_term":null,"canonical_url":null,"og_title":null,"og_description":null,"og_object_type":"default","og_image_type":"default","og_image_url":null,"og_image_width":null,"og_image_height":null,"og_image_custom_url":null,"og_image_custom_fields":null,"og_video":"","og_custom_url":null,"og_article_section":null,"og_article_tags":null,"twitter_use_og":false,"twitter_card":"default","twitter_image_type":"default","twitter_image_url":null,"twitter_image_custom_url":null,"twitter_image_custom_fields":null,"twitter_title":null,"twitter_description":null,"schema":{"blockGraphs":[],"customGraphs":[],"default":{"data":{"Article":[],"Course":[],"Dataset":[],"FAQPage":[],"Movie":[],"Person":[],"Product":[],"ProductReview":[],"Car":[],"Recipe":[],"Service":[],"SoftwareApplication":[],"WebPage":[]},"graphName":"BlogPosting","isEnabled":true},"graphs":[]},"schema_type":"default","schema_type_options":null,"pillar_content":false,"robots_default":true,"robots_noindex":false,"robots_noarchive":false,"robots_nosnippet":false,"robots_nofollow":false,"robots_noimageindex":false,"robots_noodp":false,"robots_notranslate":false,"robots_max_snippet":"-1","robots_max_videopreview":"-1","robots_max_imagepreview":"large","priority":null,"frequency":"default","local_seo":null,"breadcrumb_settings":null,"limit_modified_date":false,"ai":null,"created":"2024-11-18 14:34:02","updated":"2025-06-10 20:37:13","seo_analyzer_scan_date":null,"focus_keyword":null,"additional_keywords":null,"truseo_locale":null},"aioseo_breadcrumb":"<div class=\"aioseo-breadcrumbs\"><span class=\"aioseo-breadcrumb\">\n\t\t\t<a href=\"https:\/\/www.alt-edic.eu\/ga\" title=\"Home\">Home<\/a>\n\t\t<\/span><span class=\"aioseo-breadcrumb-separator\">\/<\/span><span class=\"aioseo-breadcrumb\">\n\t\t\t<a href=\"https:\/\/www.alt-edic.eu\/ga\/category\/news\/\" title=\"News\">News<\/a>\n\t\t<\/span><span class=\"aioseo-breadcrumb-separator\">\/<\/span><span class=\"aioseo-breadcrumb\">\n\t\t\tThe ALT-EDIC appoints its director\n\t\t<\/span><\/div>","aioseo_breadcrumb_json":[{"label":"Home","link":"https:\/\/www.alt-edic.eu\/ga"},{"label":"News","link":"https:\/\/www.alt-edic.eu\/ga\/category\/news\/"},{"label":"The ALT-EDIC appoints its director","link":"https:\/\/www.alt-edic.eu\/ga\/news\/the-alt-edic-appoints-its-director\/"}],"_links":{"self":[{"href":"https:\/\/www.alt-edic.eu\/ga\/wp-json\/wp\/v2\/posts\/9618","targetHints":{"allow":["GET"]}}],"collection":[{"href":"https:\/\/www.alt-edic.eu\/ga\/wp-json\/wp\/v2\/posts"}],"about":[{"href":"https:\/\/www.alt-edic.eu\/ga\/wp-json\/wp\/v2\/types\/post"}],"author":[{"embeddable":true,"href":"https:\/\/www.alt-edic.eu\/ga\/wp-json\/wp\/v2\/users\/32"}],"replies":[{"embeddable":true,"href":"https:\/\/www.alt-edic.eu\/ga\/wp-json\/wp\/v2\/comments?post=9618"}],"version-history":[{"count":0,"href":"https:\/\/www.alt-edic.eu\/ga\/wp-json\/wp\/v2\/posts\/9618\/revisions"}],"wp:featuredmedia":[{"embeddable":true,"href":"https:\/\/www.alt-edic.eu\/ga\/wp-json\/wp\/v2\/media\/10236"}],"wp:attachment":[{"href":"https:\/\/www.alt-edic.eu\/ga\/wp-json\/wp\/v2\/media?parent=9618"}],"wp:term":[{"taxonomy":"category","embeddable":true,"href":"https:\/\/www.alt-edic.eu\/ga\/wp-json\/wp\/v2\/categories?post=9618"},{"taxonomy":"post_tag","embeddable":true,"href":"https:\/\/www.alt-edic.eu\/ga\/wp-json\/wp\/v2\/tags?post=9618"}],"curies":[{"name":"wp","href":"https:\/\/api.w.org\/{rel}","templated":true}]}}