{"id":10723,"date":"2025-03-06T08:00:28","date_gmt":"2025-03-06T07:00:28","guid":{"rendered":"https:\/\/alt-edic.eu\/?p=10723"},"modified":"2025-03-06T14:09:24","modified_gmt":"2025-03-06T13:09:24","slug":"registration-to-join-the-alt-edic-industrial-consortium-is-open","status":"publish","type":"post","link":"https:\/\/www.alt-edic.eu\/ga\/news\/registration-to-join-the-alt-edic-industrial-consortium-is-open\/","title":{"rendered":"<p>T\u00e1 cl\u00e1r\u00fa chun dul isteach i gCuibhreannas Tionscla\u00edoch ALT-EDIC oscailte<\/p>"},"content":{"rendered":"<div data-elementor-type=\"wp-post\" data-elementor-id=\"10723\" class=\"elementor elementor-10723\" data-elementor-post-type=\"post\">\n\t\t\t\t<div class=\"elementor-element elementor-element-70b56c5e e-flex e-con-boxed e-con e-parent\" data-id=\"70b56c5e\" data-element_type=\"container\" data-e-type=\"container\">\n\t\t\t\t\t<div class=\"e-con-inner\">\n\t\t\t\t<div class=\"elementor-element elementor-element-7817e179 elementor-widget elementor-widget-text-editor\" data-id=\"7817e179\" data-element_type=\"widget\" data-e-type=\"widget\" data-widget_type=\"text-editor.default\">\n\t\t\t\t<div class=\"elementor-widget-container\">\n\t\t\t\t\t\t\t\t\t<p>An 6 M\u00e1rta 2025, sheol ALT-EDIC bun\u00fa a Chuibhreannais Thionscla\u00edoch. Ionadaithe <strong>fiontair agus eagra\u00edochta\u00ed taca\u00edochta gn\u00f3<\/strong> a bhfuil sp\u00e9is acu i dTeicneola\u00edochta\u00ed Teanga (LT) agus <strong>at\u00e1 bunaithe sa Limist\u00e9ar Eorpach Eacnama\u00edoch (LEE)<\/strong> Tugtar cuireadh d\u00f3ibh p\u00e1irt a ghlacadh sa tionscnamh. D\u00e9anfaidh siad <strong>rannchuidi\u00fa le tosa\u00edochta\u00ed strait\u00e9iseacha ALT-EDIC a shaini\u00fa<\/strong> agus ionadaithe a thoghadh chuig Coiste Treoshu\u00edmh Strait\u00e9isigh ALT-EDIC (SOC). Cuirfidh an Cuibhreannas an m\u00e9id seo a leanas ar f\u00e1il freisin: <strong>f\u00f3ram chun tionscadail nua a mhionsaothr\u00fa<\/strong>, go h\u00e1irithe tionscadail a bhraitheann ar shonra\u00ed comhroinnte agus ar mheast\u00f3ireacht chompar\u00e1ideach a bhf\u00e9adfaidh ALT-EDIC tac\u00fa leo.<\/p><p>T\u00e1 tuilleadh eolais ar f\u00e1il ar <a href=\"https:\/\/www.alt-edic.eu\/ga\/industrial-consortium\/\"><span style=\"text-decoration: underline;\">Leathanach gr\u00e9as\u00e1in ALT-EDIC Industrial Consortium<\/span><\/a>.<\/p>\t\t\t\t\t\t\t\t<\/div>\n\t\t\t\t<\/div>\n\t\t\t\t\t<\/div>\n\t\t\t\t<\/div>\n\t\t\t\t<\/div>","protected":false},"excerpt":{"rendered":"<p>Cuirfidh Cuibhreannas Tionscla\u00edoch ALT-EDIC treoir ar f\u00e1il maidir le tosa\u00edochta\u00ed forbartha LT agus cuirfidh s\u00e9 f\u00f3ram ar f\u00e1il chun tionscadail nua a fhorbairt. <\/p>","protected":false},"author":32,"featured_media":10755,"comment_status":"closed","ping_status":"closed","sticky":false,"template":"","format":"standard","meta":{"footnotes":""},"categories":[189],"tags":[],"class_list":["post-10723","post","type-post","status-publish","format-standard","has-post-thumbnail","hentry","category-news"],"aioseo_notices":[],"_links":{"self":[{"href":"https:\/\/www.alt-edic.eu\/ga\/wp-json\/wp\/v2\/posts\/10723","targetHints":{"allow":["GET"]}}],"collection":[{"href":"https:\/\/www.alt-edic.eu\/ga\/wp-json\/wp\/v2\/posts"}],"about":[{"href":"https:\/\/www.alt-edic.eu\/ga\/wp-json\/wp\/v2\/types\/post"}],"author":[{"embeddable":true,"href":"https:\/\/www.alt-edic.eu\/ga\/wp-json\/wp\/v2\/users\/32"}],"replies":[{"embeddable":true,"href":"https:\/\/www.alt-edic.eu\/ga\/wp-json\/wp\/v2\/comments?post=10723"}],"version-history":[{"count":0,"href":"https:\/\/www.alt-edic.eu\/ga\/wp-json\/wp\/v2\/posts\/10723\/revisions"}],"wp:featuredmedia":[{"embeddable":true,"href":"https:\/\/www.alt-edic.eu\/ga\/wp-json\/wp\/v2\/media\/10755"}],"wp:attachment":[{"href":"https:\/\/www.alt-edic.eu\/ga\/wp-json\/wp\/v2\/media?parent=10723"}],"wp:term":[{"taxonomy":"category","embeddable":true,"href":"https:\/\/www.alt-edic.eu\/ga\/wp-json\/wp\/v2\/categories?post=10723"},{"taxonomy":"post_tag","embeddable":true,"href":"https:\/\/www.alt-edic.eu\/ga\/wp-json\/wp\/v2\/tags?post=10723"}],"curies":[{"name":"wp","href":"https:\/\/api.w.org\/{rel}","templated":true}]}}