{"id":9618,"date":"2024-12-05T06:00:00","date_gmt":"2024-12-05T06:00:00","guid":{"rendered":"https:\/\/alt-edic.eu\/?p=9618"},"modified":"2024-12-13T10:51:10","modified_gmt":"2024-12-13T09:51:10","slug":"the-alt-edic-appoints-its-director","status":"publish","type":"post","link":"https:\/\/www.alt-edic.eu\/fr\/news\/the-alt-edic-appoints-its-director\/","title":{"rendered":"<p>L'ALT-EDIC nomme son directeur<\/p>"},"content":{"rendered":"<div data-elementor-type=\"wp-post\" data-elementor-id=\"9618\" class=\"elementor elementor-9618\" data-elementor-post-type=\"post\">\n\t\t\t\t<div class=\"elementor-element elementor-element-1d3db17b e-flex e-con-boxed e-con e-parent\" data-id=\"1d3db17b\" data-element_type=\"container\" data-e-type=\"container\">\n\t\t\t\t\t<div class=\"e-con-inner\">\n\t\t\t\t<div class=\"elementor-element elementor-element-2ffcf7d3 elementor-widget elementor-widget-text-editor\" data-id=\"2ffcf7d3\" data-element_type=\"widget\" data-e-type=\"widget\" data-widget_type=\"text-editor.default\">\n\t\t\t\t<div class=\"elementor-widget-container\">\n\t\t\t\t\t\t\t\t\t<p>L'ALT-EDIC a le plaisir d'annoncer la nomination de son premier directeur, Edouard Geoffrois. Il prendra ses fonctions le 1er janvier 2025, succ\u00e9dant au pr\u00e9sident de l'Assembl\u00e9e des membres ALT-EDIC, Thibault Grouas, qui occupait jusque-l\u00e0 le poste de directeur.<\/p>\n<p><!-- \/wp:paragraph --><!-- wp:paragraph --><\/p>\n<p>Le directeur est en charge du recrutement de l'\u00e9quipe ALT-EDIC et g\u00e9rera les activit\u00e9s et op\u00e9rations ALT-EDIC. Il assurera la collaboration avec les diff\u00e9rentes parties prenantes de l'ALT-EDIC, dont l'Assembl\u00e9e des membres, le Comit\u00e9 d'Orientation Strat\u00e9gique et les industries. Il sera \u00e9galement charg\u00e9 de conduire le d\u00e9veloppement de l\u2019ALT-EDIC vers des services pleinement matures et op\u00e9rationnels, conform\u00e9ment au programme d\u2019action pour la d\u00e9cennie num\u00e9rique \u00e0 l\u2019horizon 2030.<\/p>\n<p>Edouard Geoffrois est titulaire d'un doctorat sur le th\u00e8me de la reconnaissance automatique de la parole et a cr\u00e9\u00e9 les activit\u00e9s sur les technologies des langues au minist\u00e8re fran\u00e7ais de la D\u00e9fense. Il a coordonn\u00e9 des coop\u00e9rations multi-pays avec le soutien de l'UE (ERA-NET) dans le domaine des technologies de l'information et de la communication \u00e0 l'Agence nationale de la recherche (ANR) fran\u00e7aise et travaille depuis 2019 \u00e0 la Commission europ\u00e9enne sur le Fonds europ\u00e9en de la d\u00e9fense, en particulier sur l'intelligence artificielle. Il poss\u00e8de une vaste exp\u00e9rience de la cr\u00e9ation et de la gestion de donn\u00e9es linguistiques et de la conception et de l'organisation de campagnes d'\u00e9valuation, ainsi que de la gestion de grands programmes complexes de R&amp;D.<\/p>\n<p><!-- \/wp:paragraph --><!-- wp:paragraph --><\/p>\n<p>Edouard Geoffrois: \u00ab <em>Avec l'av\u00e8nement des grands mod\u00e8les de langage haute performance et de l'IA g\u00e9n\u00e9rative, la sortie de mod\u00e8les open source de pointe et l'\u00e9mergence de mod\u00e8les de base pouvant \u00eatre adapt\u00e9s par des tiers et des utilisateurs, le domaine des technologies linguistiques \u00e9volue rapidement. Le d\u00e9veloppement de ces technologies en Europe est tr\u00e8s actif et, plus que jamais, pour assurer l'efficacit\u00e9 de ce d\u00e9veloppement, il est n\u00e9cessaire de mettre en commun les ressources linguistiques et de f\u00e9d\u00e9rer les efforts de d\u00e9veloppement. En tant qu'entit\u00e9 europ\u00e9enne investie d'une mission publique au service de la communaut\u00e9 des technologies des langues, l'ALT-EDIC est parfaitement adapt\u00e9e pour combler ces lacunes.<\/em> \u00bb<\/p>\n<p><!-- \/wp:paragraph --><!-- wp:paragraph --><\/p>\n<p><!-- \/wp:paragraph --><\/p>\t\t\t\t\t\t\t\t<\/div>\n\t\t\t\t<\/div>\n\t\t\t\t\t<\/div>\n\t\t\t\t<\/div>\n\t\t\t\t<\/div>","protected":false},"excerpt":{"rendered":"<p>Edouard Geoffrois apportera \u00e0 l'ALT-EDIC son expertise en Technologies du Langage et son exp\u00e9rience en gestion de programmes R&amp;D et en coop\u00e9ration europ\u00e9enne.  <\/p>","protected":false},"author":32,"featured_media":10236,"comment_status":"closed","ping_status":"open","sticky":false,"template":"","format":"standard","meta":{"footnotes":""},"categories":[189],"tags":[],"class_list":["post-9618","post","type-post","status-publish","format-standard","has-post-thumbnail","hentry","category-news"],"aioseo_notices":[],"_links":{"self":[{"href":"https:\/\/www.alt-edic.eu\/fr\/wp-json\/wp\/v2\/posts\/9618","targetHints":{"allow":["GET"]}}],"collection":[{"href":"https:\/\/www.alt-edic.eu\/fr\/wp-json\/wp\/v2\/posts"}],"about":[{"href":"https:\/\/www.alt-edic.eu\/fr\/wp-json\/wp\/v2\/types\/post"}],"author":[{"embeddable":true,"href":"https:\/\/www.alt-edic.eu\/fr\/wp-json\/wp\/v2\/users\/32"}],"replies":[{"embeddable":true,"href":"https:\/\/www.alt-edic.eu\/fr\/wp-json\/wp\/v2\/comments?post=9618"}],"version-history":[{"count":0,"href":"https:\/\/www.alt-edic.eu\/fr\/wp-json\/wp\/v2\/posts\/9618\/revisions"}],"wp:featuredmedia":[{"embeddable":true,"href":"https:\/\/www.alt-edic.eu\/fr\/wp-json\/wp\/v2\/media\/10236"}],"wp:attachment":[{"href":"https:\/\/www.alt-edic.eu\/fr\/wp-json\/wp\/v2\/media?parent=9618"}],"wp:term":[{"taxonomy":"category","embeddable":true,"href":"https:\/\/www.alt-edic.eu\/fr\/wp-json\/wp\/v2\/categories?post=9618"},{"taxonomy":"post_tag","embeddable":true,"href":"https:\/\/www.alt-edic.eu\/fr\/wp-json\/wp\/v2\/tags?post=9618"}],"curies":[{"name":"wp","href":"https:\/\/api.w.org\/{rel}","templated":true}]}}