{"id":9618,"date":"2024-12-05T06:00:00","date_gmt":"2024-12-05T06:00:00","guid":{"rendered":"https:\/\/alt-edic.eu\/?p=9618"},"modified":"2024-12-13T10:51:10","modified_gmt":"2024-12-13T09:51:10","slug":"the-alt-edic-appoints-its-director","status":"publish","type":"post","link":"https:\/\/www.alt-edic.eu\/et\/news\/the-alt-edic-appoints-its-director\/","title":{"rendered":"<p>ALT-EDIC nimetab ametisse oma direktori<\/p>"},"content":{"rendered":"<div data-elementor-type=\"wp-post\" data-elementor-id=\"9618\" class=\"elementor elementor-9618\" data-elementor-post-type=\"post\">\n\t\t\t\t<div class=\"elementor-element elementor-element-1d3db17b e-flex e-con-boxed e-con e-parent\" data-id=\"1d3db17b\" data-element_type=\"container\" data-e-type=\"container\">\n\t\t\t\t\t<div class=\"e-con-inner\">\n\t\t\t\t<div class=\"elementor-element elementor-element-2ffcf7d3 elementor-widget elementor-widget-text-editor\" data-id=\"2ffcf7d3\" data-element_type=\"widget\" data-e-type=\"widget\" data-widget_type=\"text-editor.default\">\n\t\t\t\t<div class=\"elementor-widget-container\">\n\t\t\t\t\t\t\t\t\t<p>ALT-EDICil on hea meel teatada oma esimese direktori Edouard Geoffroisi ametisse nimetamisest. Ta asub oma ametikohale 1. jaanuaril 2025, v\u00f5ttes ameti \u00fcle ALT-EDICi liikmete kogu esimehelt Tibault Grouaselt, kes tegutses seni direktorina.<\/p>\n<p><!-- \/wp:paragraph --><!-- wp:paragraph --><\/p>\n<p>Direktor vastutab ALT-EDICi meeskonna v\u00e4rbamise eest ning juhib ALT-EDICi tegevust ja operatsioone. Ta tagab koost\u00f6\u00f6 ALT-EDICi eri sidusr\u00fchmadega, sealhulgas liikmete kogu, strateegiliste suuniste komitee ja t\u00f6\u00f6stusharudega. Samuti vastutab ta ALT-EDICi arendamise eest t\u00e4ielikult k\u00fcpsete ja toimivate teenuste suunas koosk\u00f5las digik\u00fcmnendi poliitikaprogrammiga 2030.<\/p>\n<p>Edouard Geoffroisil on doktorikraad automaatse k\u00f5netuvastuse teemal ja ta on loonud keeletehnoloogia tegevused Prantsuse kaitseministeeriumis. Ta on koordineerinud mitut riiki h\u00f5lmavat koost\u00f6\u00f6d ELi toetusega (ERA-NETs) info- ja kommunikatsioonitehnoloogia valdkonnas Prantsusmaa riiklikus teadusagentuuris (ANR) ning alates 2019. aastast on ta t\u00f6\u00f6tanud Euroopa Komisjonis Euroopa Kaitsefondiga, keskendudes tehisintellektile. Tal on laialdased kogemused lingvistiliste andmete loomisel ja haldamisel ning hindamiskampaaniate kavandamisel ja korraldamisel, samuti suurte komplekssete R&amp;D programmide juhtimisel.<\/p>\n<p><!-- \/wp:paragraph --><!-- wp:paragraph --><\/p>\n<p>Edouard Geoffrois: \u00ab <em>T\u00e4nu suure j\u00f5udlusega suurte keelemudelite ja generatiivse tehisintellekti tekkele, avatud l\u00e4htekoodiga tipptasemel mudelite turuletoomisele ning alusmudelite tekkimisele, mida saavad kohandada kolmandad isikud ja kasutajad, liigub keeletehnoloogia valdkond kiiresti. Nende tehnoloogiate arendamine Euroopas on v\u00e4ga aktiivne ja rohkem kui kunagi varem on selle arengu t\u00f5hususe tagamiseks vaja \u00fchiseid keeleressursse ja arengualaste j\u00f5upingutuste \u00fchendamist. Euroopa \u00fcksusena, mille avalik \u00fclesanne on teenida Leedu kogukonda, sobib ALT-EDIC suurep\u00e4raselt nende l\u00fcnkade t\u00e4itmiseks.<\/em> \u00bb<\/p>\n<p><!-- \/wp:paragraph --><!-- wp:paragraph --><\/p>\n<p><!-- \/wp:paragraph --><\/p>\t\t\t\t\t\t\t\t<\/div>\n\t\t\t\t<\/div>\n\t\t\t\t\t<\/div>\n\t\t\t\t<\/div>\n\t\t\t\t<\/div>","protected":false},"excerpt":{"rendered":"<p>Edouard Geoffrois toob ALT-EDICisse oma teadmised keeletehnoloogiast ning kogemused R&amp;D programmijuhtimises ja Euroopa koost\u00f6\u00f6s.  <\/p>","protected":false},"author":32,"featured_media":10236,"comment_status":"closed","ping_status":"open","sticky":false,"template":"","format":"standard","meta":{"footnotes":""},"categories":[189],"tags":[],"class_list":["post-9618","post","type-post","status-publish","format-standard","has-post-thumbnail","hentry","category-news"],"aioseo_notices":[],"aioseo_head":"\n\t\t<!-- All in One SEO 5.0.0.1 - aioseo.com -->\n\t<meta name=\"description\" content=\"Edouard Geoffrois will bring to the ALT-EDIC his expertise in Language Technologies and his experience in R&amp;D programme management and European cooperation.\" \/>\n\t<meta name=\"robots\" content=\"max-image-preview:large\" \/>\n\t<meta name=\"author\" content=\"News ALT-EDIC\"\/>\n\t<link rel=\"canonical\" href=\"https:\/\/www.alt-edic.eu\/et\/news\/the-alt-edic-appoints-its-director\/\" \/>\n\t<meta name=\"generator\" content=\"All in One SEO (AIOSEO) 5.0.0.1\" \/>\n\t\t<meta property=\"og:locale\" content=\"et_EE\" \/>\n\t\t<meta property=\"og:site_name\" content=\"ALT-EDIC \u2013 Alliance for Language Technologies EDIC\" \/>\n\t\t<meta property=\"og:type\" content=\"article\" \/>\n\t\t<meta property=\"og:title\" content=\"The ALT-EDIC appoints its director \u2013 ALT-EDIC\" \/>\n\t\t<meta property=\"og:description\" content=\"Edouard Geoffrois will bring to the ALT-EDIC his expertise in Language Technologies and his experience in R&amp;D programme management and European cooperation.\" \/>\n\t\t<meta property=\"og:url\" content=\"https:\/\/www.alt-edic.eu\/et\/news\/the-alt-edic-appoints-its-director\/\" \/>\n\t\t<meta property=\"article:published_time\" content=\"2024-12-05T06:00:00+00:00\" \/>\n\t\t<meta property=\"article:modified_time\" content=\"2024-12-13T09:51:10+00:00\" \/>\n\t\t<meta name=\"twitter:card\" content=\"summary_large_image\" \/>\n\t\t<meta name=\"twitter:title\" content=\"The ALT-EDIC appoints its director \u2013 ALT-EDIC\" \/>\n\t\t<meta name=\"twitter:description\" content=\"Edouard Geoffrois will bring to the ALT-EDIC his expertise in Language Technologies and his experience in R&amp;D programme management and European cooperation.\" \/>\n\t\t<script type=\"application\/ld+json\" class=\"aioseo-schema\">\n\t\t\t{\"@context\":\"https:\\\/\\\/schema.org\",\"@graph\":[{\"@type\":\"BlogPosting\",\"@id\":\"https:\\\/\\\/www.alt-edic.eu\\\/et\\\/news\\\/the-alt-edic-appoints-its-director\\\/#blogposting\",\"name\":\"The ALT-EDIC appoints its director \\u2013 ALT-EDIC\",\"headline\":\"The ALT-EDIC appoints its director\",\"author\":{\"@id\":\"https:\\\/\\\/www.alt-edic.eu\\\/et\\\/author\\\/news-alt-edic\\\/#author\"},\"publisher\":{\"@id\":\"https:\\\/\\\/www.alt-edic.eu\\\/et\\\/#organization\"},\"image\":{\"@type\":\"ImageObject\",\"url\":\"https:\\\/\\\/www.alt-edic.eu\\\/wp-content\\\/uploads\\\/2024\\\/12\\\/photo_geoffrois.jpg\",\"width\":403,\"height\":482,\"caption\":\"Geoffrois Edouard Alt edic\"},\"datePublished\":\"2024-12-05T06:00:00+01:00\",\"dateModified\":\"2024-12-13T10:51:10+01:00\",\"inLanguage\":\"et\",\"mainEntityOfPage\":{\"@id\":\"https:\\\/\\\/www.alt-edic.eu\\\/et\\\/news\\\/the-alt-edic-appoints-its-director\\\/#webpage\"},\"isPartOf\":{\"@id\":\"https:\\\/\\\/www.alt-edic.eu\\\/et\\\/news\\\/the-alt-edic-appoints-its-director\\\/#webpage\"},\"articleSection\":\"News\"},{\"@type\":\"BreadcrumbList\",\"@id\":\"https:\\\/\\\/www.alt-edic.eu\\\/et\\\/news\\\/the-alt-edic-appoints-its-director\\\/#breadcrumblist\",\"itemListElement\":[{\"@type\":\"ListItem\",\"@id\":\"https:\\\/\\\/www.alt-edic.eu\\\/et#listItem\",\"position\":1,\"name\":\"Home\",\"item\":\"https:\\\/\\\/www.alt-edic.eu\\\/et\",\"nextItem\":{\"@type\":\"ListItem\",\"@id\":\"https:\\\/\\\/www.alt-edic.eu\\\/et\\\/category\\\/news\\\/#listItem\",\"name\":\"News\"}},{\"@type\":\"ListItem\",\"@id\":\"https:\\\/\\\/www.alt-edic.eu\\\/et\\\/category\\\/news\\\/#listItem\",\"position\":2,\"name\":\"News\",\"item\":\"https:\\\/\\\/www.alt-edic.eu\\\/et\\\/category\\\/news\\\/\",\"nextItem\":{\"@type\":\"ListItem\",\"@id\":\"https:\\\/\\\/www.alt-edic.eu\\\/et\\\/news\\\/the-alt-edic-appoints-its-director\\\/#listItem\",\"name\":\"The ALT-EDIC appoints its director\"},\"previousItem\":{\"@type\":\"ListItem\",\"@id\":\"https:\\\/\\\/www.alt-edic.eu\\\/et#listItem\",\"name\":\"Home\"}},{\"@type\":\"ListItem\",\"@id\":\"https:\\\/\\\/www.alt-edic.eu\\\/et\\\/news\\\/the-alt-edic-appoints-its-director\\\/#listItem\",\"position\":3,\"name\":\"The ALT-EDIC appoints its director\",\"previousItem\":{\"@type\":\"ListItem\",\"@id\":\"https:\\\/\\\/www.alt-edic.eu\\\/et\\\/category\\\/news\\\/#listItem\",\"name\":\"News\"}}]},{\"@type\":\"Organization\",\"@id\":\"https:\\\/\\\/www.alt-edic.eu\\\/et\\\/#organization\",\"name\":\"ALT-EDIC Alliance for Language Technologies (ALT-EDIC)\",\"description\":\"Alliance for Language Technologies EDIC The Alliance for Language Technologies (ALT-EDIC) is a European Digital Infrastructure Consortium supporting the development of Language Technologies. It will promote excellence in language technologies and contribute to the preservation of Europe\\u2019s linguistic diversity and cultural richness.\",\"url\":\"https:\\\/\\\/www.alt-edic.eu\\\/et\\\/\",\"email\":\"contact@alt-edic.eu\",\"telephone\":\"+33364924355\",\"foundingDate\":\"2024-02-01\",\"numberOfEmployees\":{\"@type\":\"QuantitativeValue\",\"minValue\":0,\"maxValue\":15},\"logo\":{\"@type\":\"ImageObject\",\"url\":\"https:\\\/\\\/www.alt-edic.eu\\\/wp-content\\\/uploads\\\/2024\\\/09\\\/logo_alt-edic_blue_on_white.png\",\"@id\":\"https:\\\/\\\/www.alt-edic.eu\\\/et\\\/news\\\/the-alt-edic-appoints-its-director\\\/#organizationLogo\",\"width\":2779,\"height\":541,\"caption\":\"Logo Alt-Edic Blue\"},\"image\":{\"@id\":\"https:\\\/\\\/www.alt-edic.eu\\\/et\\\/news\\\/the-alt-edic-appoints-its-director\\\/#organizationLogo\"},\"sameAs\":[\"https:\\\/\\\/www.linkedin.com\\\/company\\\/alt-edic\\\/\"]},{\"@type\":\"Person\",\"@id\":\"https:\\\/\\\/www.alt-edic.eu\\\/et\\\/author\\\/news-alt-edic\\\/#author\",\"url\":\"https:\\\/\\\/www.alt-edic.eu\\\/et\\\/author\\\/news-alt-edic\\\/\",\"name\":\"News ALT-EDIC\",\"image\":{\"@type\":\"ImageObject\",\"@id\":\"https:\\\/\\\/www.alt-edic.eu\\\/et\\\/news\\\/the-alt-edic-appoints-its-director\\\/#authorImage\",\"url\":\"https:\\\/\\\/secure.gravatar.com\\\/avatar\\\/2f114008dcd1cfeab0b9b1818a54621d4d840e95a663efbbee5b8108ba8d6018?s=96&d=mm&r=g\",\"width\":96,\"height\":96,\"caption\":\"News ALT-EDIC\"}},{\"@type\":\"WebPage\",\"@id\":\"https:\\\/\\\/www.alt-edic.eu\\\/et\\\/news\\\/the-alt-edic-appoints-its-director\\\/#webpage\",\"url\":\"https:\\\/\\\/www.alt-edic.eu\\\/et\\\/news\\\/the-alt-edic-appoints-its-director\\\/\",\"name\":\"The ALT-EDIC appoints its director \\u2013 ALT-EDIC\",\"description\":\"Edouard Geoffrois will bring to the ALT-EDIC his expertise in Language Technologies and his experience in R&D programme management and European cooperation.\",\"inLanguage\":\"et\",\"isPartOf\":{\"@id\":\"https:\\\/\\\/www.alt-edic.eu\\\/et\\\/#website\"},\"breadcrumb\":{\"@id\":\"https:\\\/\\\/www.alt-edic.eu\\\/et\\\/news\\\/the-alt-edic-appoints-its-director\\\/#breadcrumblist\"},\"author\":{\"@id\":\"https:\\\/\\\/www.alt-edic.eu\\\/et\\\/author\\\/news-alt-edic\\\/#author\"},\"creator\":{\"@id\":\"https:\\\/\\\/www.alt-edic.eu\\\/et\\\/author\\\/news-alt-edic\\\/#author\"},\"image\":{\"@type\":\"ImageObject\",\"url\":\"https:\\\/\\\/www.alt-edic.eu\\\/wp-content\\\/uploads\\\/2024\\\/12\\\/photo_geoffrois.jpg\",\"@id\":\"https:\\\/\\\/www.alt-edic.eu\\\/et\\\/news\\\/the-alt-edic-appoints-its-director\\\/#mainImage\",\"width\":403,\"height\":482,\"caption\":\"Geoffrois Edouard Alt edic\"},\"primaryImageOfPage\":{\"@id\":\"https:\\\/\\\/www.alt-edic.eu\\\/et\\\/news\\\/the-alt-edic-appoints-its-director\\\/#mainImage\"},\"datePublished\":\"2024-12-05T06:00:00+01:00\",\"dateModified\":\"2024-12-13T10:51:10+01:00\"},{\"@type\":\"WebSite\",\"@id\":\"https:\\\/\\\/www.alt-edic.eu\\\/et\\\/#website\",\"url\":\"https:\\\/\\\/www.alt-edic.eu\\\/et\\\/\",\"name\":\"ALT-EDIC Alliance for Language Technologies\",\"alternateName\":\"ALT-EDIC\",\"description\":\"Alliance for Language Technologies EDIC\",\"inLanguage\":\"et\",\"publisher\":{\"@id\":\"https:\\\/\\\/www.alt-edic.eu\\\/et\\\/#organization\"}}]}\n\t\t<\/script>\n\t\t<!-- All in One SEO -->\n\n","aioseo_head_json":{"title":"The ALT-EDIC appoints its director \u2013 ALT-EDIC","description":"Edouard Geoffrois will bring to the ALT-EDIC his expertise in Language Technologies and his experience in R&D programme management and European cooperation.","canonical_url":"https:\/\/www.alt-edic.eu\/et\/news\/the-alt-edic-appoints-its-director\/","robots":"max-image-preview:large","keywords":"","webmasterTools":{"miscellaneous":""},"schema":{"@context":"https:\/\/schema.org","@graph":[{"@type":"BlogPosting","@id":"https:\/\/www.alt-edic.eu\/et\/news\/the-alt-edic-appoints-its-director\/#blogposting","name":"The ALT-EDIC appoints its director \u2013 ALT-EDIC","headline":"The ALT-EDIC appoints its director","author":{"@id":"https:\/\/www.alt-edic.eu\/et\/author\/news-alt-edic\/#author"},"publisher":{"@id":"https:\/\/www.alt-edic.eu\/et\/#organization"},"image":{"@type":"ImageObject","url":"https:\/\/www.alt-edic.eu\/wp-content\/uploads\/2024\/12\/photo_geoffrois.jpg","width":403,"height":482,"caption":"Geoffrois Edouard Alt edic"},"datePublished":"2024-12-05T06:00:00+01:00","dateModified":"2024-12-13T10:51:10+01:00","inLanguage":"et","mainEntityOfPage":{"@id":"https:\/\/www.alt-edic.eu\/et\/news\/the-alt-edic-appoints-its-director\/#webpage"},"isPartOf":{"@id":"https:\/\/www.alt-edic.eu\/et\/news\/the-alt-edic-appoints-its-director\/#webpage"},"articleSection":"News"},{"@type":"BreadcrumbList","@id":"https:\/\/www.alt-edic.eu\/et\/news\/the-alt-edic-appoints-its-director\/#breadcrumblist","itemListElement":[{"@type":"ListItem","@id":"https:\/\/www.alt-edic.eu\/et#listItem","position":1,"name":"Home","item":"https:\/\/www.alt-edic.eu\/et","nextItem":{"@type":"ListItem","@id":"https:\/\/www.alt-edic.eu\/et\/category\/news\/#listItem","name":"News"}},{"@type":"ListItem","@id":"https:\/\/www.alt-edic.eu\/et\/category\/news\/#listItem","position":2,"name":"News","item":"https:\/\/www.alt-edic.eu\/et\/category\/news\/","nextItem":{"@type":"ListItem","@id":"https:\/\/www.alt-edic.eu\/et\/news\/the-alt-edic-appoints-its-director\/#listItem","name":"The ALT-EDIC appoints its director"},"previousItem":{"@type":"ListItem","@id":"https:\/\/www.alt-edic.eu\/et#listItem","name":"Home"}},{"@type":"ListItem","@id":"https:\/\/www.alt-edic.eu\/et\/news\/the-alt-edic-appoints-its-director\/#listItem","position":3,"name":"The ALT-EDIC appoints its director","previousItem":{"@type":"ListItem","@id":"https:\/\/www.alt-edic.eu\/et\/category\/news\/#listItem","name":"News"}}]},{"@type":"Organization","@id":"https:\/\/www.alt-edic.eu\/et\/#organization","name":"ALT-EDIC Alliance for Language Technologies (ALT-EDIC)","description":"Alliance for Language Technologies EDIC The Alliance for Language Technologies (ALT-EDIC) is a European Digital Infrastructure Consortium supporting the development of Language Technologies. It will promote excellence in language technologies and contribute to the preservation of Europe\u2019s linguistic diversity and cultural richness.","url":"https:\/\/www.alt-edic.eu\/et\/","email":"contact@alt-edic.eu","telephone":"+33364924355","foundingDate":"2024-02-01","numberOfEmployees":{"@type":"QuantitativeValue","minValue":0,"maxValue":15},"logo":{"@type":"ImageObject","url":"https:\/\/www.alt-edic.eu\/wp-content\/uploads\/2024\/09\/logo_alt-edic_blue_on_white.png","@id":"https:\/\/www.alt-edic.eu\/et\/news\/the-alt-edic-appoints-its-director\/#organizationLogo","width":2779,"height":541,"caption":"Logo Alt-Edic Blue"},"image":{"@id":"https:\/\/www.alt-edic.eu\/et\/news\/the-alt-edic-appoints-its-director\/#organizationLogo"},"sameAs":["https:\/\/www.linkedin.com\/company\/alt-edic\/"]},{"@type":"Person","@id":"https:\/\/www.alt-edic.eu\/et\/author\/news-alt-edic\/#author","url":"https:\/\/www.alt-edic.eu\/et\/author\/news-alt-edic\/","name":"News ALT-EDIC","image":{"@type":"ImageObject","@id":"https:\/\/www.alt-edic.eu\/et\/news\/the-alt-edic-appoints-its-director\/#authorImage","url":"https:\/\/secure.gravatar.com\/avatar\/2f114008dcd1cfeab0b9b1818a54621d4d840e95a663efbbee5b8108ba8d6018?s=96&d=mm&r=g","width":96,"height":96,"caption":"News ALT-EDIC"}},{"@type":"WebPage","@id":"https:\/\/www.alt-edic.eu\/et\/news\/the-alt-edic-appoints-its-director\/#webpage","url":"https:\/\/www.alt-edic.eu\/et\/news\/the-alt-edic-appoints-its-director\/","name":"The ALT-EDIC appoints its director \u2013 ALT-EDIC","description":"Edouard Geoffrois will bring to the ALT-EDIC his expertise in Language Technologies and his experience in R&D programme management and European cooperation.","inLanguage":"et","isPartOf":{"@id":"https:\/\/www.alt-edic.eu\/et\/#website"},"breadcrumb":{"@id":"https:\/\/www.alt-edic.eu\/et\/news\/the-alt-edic-appoints-its-director\/#breadcrumblist"},"author":{"@id":"https:\/\/www.alt-edic.eu\/et\/author\/news-alt-edic\/#author"},"creator":{"@id":"https:\/\/www.alt-edic.eu\/et\/author\/news-alt-edic\/#author"},"image":{"@type":"ImageObject","url":"https:\/\/www.alt-edic.eu\/wp-content\/uploads\/2024\/12\/photo_geoffrois.jpg","@id":"https:\/\/www.alt-edic.eu\/et\/news\/the-alt-edic-appoints-its-director\/#mainImage","width":403,"height":482,"caption":"Geoffrois Edouard Alt edic"},"primaryImageOfPage":{"@id":"https:\/\/www.alt-edic.eu\/et\/news\/the-alt-edic-appoints-its-director\/#mainImage"},"datePublished":"2024-12-05T06:00:00+01:00","dateModified":"2024-12-13T10:51:10+01:00"},{"@type":"WebSite","@id":"https:\/\/www.alt-edic.eu\/et\/#website","url":"https:\/\/www.alt-edic.eu\/et\/","name":"ALT-EDIC Alliance for Language Technologies","alternateName":"ALT-EDIC","description":"Alliance for Language Technologies EDIC","inLanguage":"et","publisher":{"@id":"https:\/\/www.alt-edic.eu\/et\/#organization"}}]},"og:locale":"et_EE","og:site_name":"ALT-EDIC \u2013 Alliance for Language Technologies EDIC","og:type":"article","og:title":"The ALT-EDIC appoints its director \u2013 ALT-EDIC","og:description":"Edouard Geoffrois will bring to the ALT-EDIC his expertise in Language Technologies and his experience in R&amp;D programme management and European cooperation.","og:url":"https:\/\/www.alt-edic.eu\/et\/news\/the-alt-edic-appoints-its-director\/","article:published_time":"2024-12-05T06:00:00+00:00","article:modified_time":"2024-12-13T09:51:10+00:00","twitter:card":"summary_large_image","twitter:title":"The ALT-EDIC appoints its director \u2013 ALT-EDIC","twitter:description":"Edouard Geoffrois will bring to the ALT-EDIC his expertise in Language Technologies and his experience in R&amp;D programme management and European cooperation."},"aioseo_meta_data":{"post_id":"9618","title":null,"description":null,"keywords":null,"keyphrases":{"focus":{"keyphrase":"","score":0,"analysis":{"keyphraseInTitle":{"score":0,"maxScore":9,"error":1}}},"additional":[]},"primary_term":null,"canonical_url":null,"og_title":null,"og_description":null,"og_object_type":"default","og_image_type":"default","og_image_url":null,"og_image_width":null,"og_image_height":null,"og_image_custom_url":null,"og_image_custom_fields":null,"og_video":"","og_custom_url":null,"og_article_section":null,"og_article_tags":null,"twitter_use_og":false,"twitter_card":"default","twitter_image_type":"default","twitter_image_url":null,"twitter_image_custom_url":null,"twitter_image_custom_fields":null,"twitter_title":null,"twitter_description":null,"schema":{"blockGraphs":[],"customGraphs":[],"default":{"data":{"Article":[],"Course":[],"Dataset":[],"FAQPage":[],"Movie":[],"Person":[],"Product":[],"ProductReview":[],"Car":[],"Recipe":[],"Service":[],"SoftwareApplication":[],"WebPage":[]},"graphName":"BlogPosting","isEnabled":true},"graphs":[]},"schema_type":"default","schema_type_options":null,"pillar_content":false,"robots_default":true,"robots_noindex":false,"robots_noarchive":false,"robots_nosnippet":false,"robots_nofollow":false,"robots_noimageindex":false,"robots_noodp":false,"robots_notranslate":false,"robots_max_snippet":"-1","robots_max_videopreview":"-1","robots_max_imagepreview":"large","priority":null,"frequency":"default","local_seo":null,"breadcrumb_settings":null,"limit_modified_date":false,"ai":null,"created":"2024-11-18 14:34:02","updated":"2025-06-10 20:37:13","seo_analyzer_scan_date":null,"focus_keyword":null,"additional_keywords":null,"truseo_locale":null},"aioseo_breadcrumb":"<div class=\"aioseo-breadcrumbs\"><span class=\"aioseo-breadcrumb\">\n\t\t\t<a href=\"https:\/\/www.alt-edic.eu\/et\" title=\"Home\">Home<\/a>\n\t\t<\/span><span class=\"aioseo-breadcrumb-separator\">\/<\/span><span class=\"aioseo-breadcrumb\">\n\t\t\t<a href=\"https:\/\/www.alt-edic.eu\/et\/category\/news\/\" title=\"News\">News<\/a>\n\t\t<\/span><span class=\"aioseo-breadcrumb-separator\">\/<\/span><span class=\"aioseo-breadcrumb\">\n\t\t\tThe ALT-EDIC appoints its director\n\t\t<\/span><\/div>","aioseo_breadcrumb_json":[{"label":"Home","link":"https:\/\/www.alt-edic.eu\/et"},{"label":"News","link":"https:\/\/www.alt-edic.eu\/et\/category\/news\/"},{"label":"The ALT-EDIC appoints its director","link":"https:\/\/www.alt-edic.eu\/et\/news\/the-alt-edic-appoints-its-director\/"}],"_links":{"self":[{"href":"https:\/\/www.alt-edic.eu\/et\/wp-json\/wp\/v2\/posts\/9618","targetHints":{"allow":["GET"]}}],"collection":[{"href":"https:\/\/www.alt-edic.eu\/et\/wp-json\/wp\/v2\/posts"}],"about":[{"href":"https:\/\/www.alt-edic.eu\/et\/wp-json\/wp\/v2\/types\/post"}],"author":[{"embeddable":true,"href":"https:\/\/www.alt-edic.eu\/et\/wp-json\/wp\/v2\/users\/32"}],"replies":[{"embeddable":true,"href":"https:\/\/www.alt-edic.eu\/et\/wp-json\/wp\/v2\/comments?post=9618"}],"version-history":[{"count":0,"href":"https:\/\/www.alt-edic.eu\/et\/wp-json\/wp\/v2\/posts\/9618\/revisions"}],"wp:featuredmedia":[{"embeddable":true,"href":"https:\/\/www.alt-edic.eu\/et\/wp-json\/wp\/v2\/media\/10236"}],"wp:attachment":[{"href":"https:\/\/www.alt-edic.eu\/et\/wp-json\/wp\/v2\/media?parent=9618"}],"wp:term":[{"taxonomy":"category","embeddable":true,"href":"https:\/\/www.alt-edic.eu\/et\/wp-json\/wp\/v2\/categories?post=9618"},{"taxonomy":"post_tag","embeddable":true,"href":"https:\/\/www.alt-edic.eu\/et\/wp-json\/wp\/v2\/tags?post=9618"}],"curies":[{"name":"wp","href":"https:\/\/api.w.org\/{rel}","templated":true}]}}