{"id":2466,"date":"2024-03-11T00:00:00","date_gmt":"2024-03-11T00:00:00","guid":{"rendered":"https:\/\/apusthemes.com\/wp-demo\/superio\/?p=2466"},"modified":"2024-12-04T08:01:33","modified_gmt":"2024-12-04T08:01:33","slug":"first-assembly-of-members","status":"publish","type":"post","link":"http:\/\/www.alt-edic.eu\/ga\/news\/first-assembly-of-members\/","title":{"rendered":"<p>C\u00e9ad Tion\u00f3l Comhalta\u00ed ALT-EDIC<\/p>"},"content":{"rendered":"<div data-elementor-type=\"wp-post\" data-elementor-id=\"2466\" class=\"elementor elementor-2466\" data-elementor-post-type=\"post\">\n\t\t\t\t<div class=\"elementor-element elementor-element-6f16e716 e-flex e-con-boxed e-con e-parent\" data-id=\"6f16e716\" data-element_type=\"container\" data-e-type=\"container\">\n\t\t\t\t\t<div class=\"e-con-inner\">\n\t\t\t\t<div class=\"elementor-element elementor-element-56d39c3a elementor-widget elementor-widget-text-editor\" data-id=\"56d39c3a\" data-element_type=\"widget\" data-e-type=\"widget\" data-widget_type=\"text-editor.default\">\n\t\t\t\t<div class=\"elementor-widget-container\">\n\t\t\t\t\t\t\t\t\t\n<p class=\"has-medium-font-size\">Thion\u00f3il ALT-EDIC a ch\u00e9ad Tion\u00f3l Comhalta\u00ed an 8 M\u00e1rta 2024, arna \u00f3st\u00e1il i bP\u00e1ras ag an Aireacht Cult\u00fair agus ag an Aireacht Geilleagair, Airgeadais agus Ceannasachta Tionscla\u00edche agus Digit\u00ed.<\/p>\n\n<p>Chuir Tion\u00f3l na gComhalta\u00ed ar chumas chomhalta\u00ed ALT-EDIC a gc\u00e9ad ionadaithe a thoghadh ar feadh t\u00e9arma 2 bhliain. Toghadh Thibault GROUAS agus Juan Martinez SAMALEA ina gcathaoirleach agus ina gcomhchathaoirleach ar Thion\u00f3l na gComhalta\u00ed, faoi seach. Bhunaigh na Comhalta\u00ed strait\u00e9is cur chun feidhme ALT-EDIC freisin le linn an chruinnithe seo.<\/p>\n\n<p>Is \u00e9 is aidhm do ALT-EDIC tac\u00fa le forbairt teicneola\u00edochta\u00ed teanga agus oidhreacht chult\u00fartha agus teanga na hEorpa a chosaint agus a fheabhs\u00fa laistigh d\u2019\u00e9iceach\u00f3ras intleachta saorga at\u00e1 nu\u00e1lach, ioma\u00edoch, eitici\u00fail agus ceannasach, agus c\u00f3ipcheart agus cearta gaolmhara \u00e1 n-urram\u00fa ag an am c\u00e9anna. N\u00ed hamh\u00e1in go bhfuil comhph\u00e1irtithe institi\u00faideacha rannph\u00e1irteach sa Chomhghuaill\u00edocht, ach t\u00e1 an tsocha\u00ed shibhialta rannph\u00e1irteach freisin, \u00f3s rud \u00e9 gur l\u00e9irigh go leor gr\u00fapa\u00ed tionscla\u00edocha agus FBManna a sp\u00e9is sa tionscadal agus sna deiseanna a bhaineann leis. D\u00e9anfaidh s\u00e9 an t-\u00e9iceach\u00f3ras sin a ch\u00f3nascadh agus cruth\u00f3idh s\u00e9 cuibhreannas tionscla\u00edoch a r\u00e1th\u00f3idh tionchar iarrachta\u00ed EDIC ar ghn\u00f3lachta\u00ed.<\/p>\n\n<blockquote class=\"wp-block-quote has-medium-font-size is-layout-flow wp-block-quote-is-layout-flow\">\n<p>Rachida DATI, Aire Cult\u00fair: \u00ab T\u00e1 an Fhrainc br\u00f3d\u00fail as an gComhghuaill\u00edocht seo do Theicneola\u00edochta\u00ed Teanga a \u00f3st\u00e1il. Go deimhin, lena h\u00e9ags\u00falacht teanga, n\u00ed m\u00f3r don Eoraip a bheith in ann \u00e9iceach\u00f3ras nu\u00e1la\u00edochta ceannasach agus ioma\u00edoch a fhorbairt, arna chomhl\u00e1n\u00fa le braisl\u00ed n\u00e1isi\u00fanta amhail LANGU:IA sa Fhrainc, chun teacht chun cinn agus comhroinnt samhlacha teanga ollmh\u00f3ra, oscailte agus rochtana oscailte a chumas\u00fa ar f\u00e9idir leo \u00e1r n-oidhreacht chult\u00fartha agus teanga a fheabhs\u00fa. \u00bb<\/p>\n<\/blockquote>\n\n<blockquote class=\"wp-block-quote has-medium-font-size is-layout-flow wp-block-quote-is-layout-flow\">\n<p>Marina FERRARI, St\u00e1tr\u00fana\u00ed Gn\u00f3tha\u00ed Digiteacha: \u00ab Beidh r\u00f3l r\u00edth\u00e1bhachtach ag an gcomhghuaill\u00edocht sin maidir le seasamh na hEorpa i r\u00e1s na hintleachta saorga a neart\u00fa. Tr\u00ed mhol a dh\u00e9anamh den chuibhreannas Eorpach sin chun samhlacha teanga a fhorbairt, beidh tairbhe dh\u00fabailte ag baint leis an gcomhghuaill\u00edocht sin, le haghaidh sol\u00e1thr\u00f3ir\u00ed teicneola\u00edochta agus chun tairiscint ioma\u00edoch ardfheidhm\u00edochta a scaipeadh ar chuideachta\u00ed a \u00fas\u00e1ideann IS. Chun \u00e9 seo a bhaint amach, bainfidh an Chomhghuaill\u00edocht leas as na teicneola\u00edochta\u00ed is fearr \u00f3n\u00e1r gcuideachta\u00ed chun seirbh\u00eds\u00ed a shol\u00e1thar a rachaidh chun tairbhe do l\u00edon m\u00f3r \u00fas\u00e1ideoir\u00ed. Sa r\u00e9imse s\u00e1rioma\u00edoch seo at\u00e1 d\u00edrithe ar an nu\u00e1la\u00edocht, is \u00e9 an deis is m\u00f3 a bheidh againn go n-\u00e9ireoidh linn gn\u00edomh\u00fa mar Eorpaigh. \u00bb<\/p>\n<\/blockquote>\n\n<p>&nbsp;<\/p>\n\t\t\t\t\t\t\t\t<\/div>\n\t\t\t\t<\/div>\n\t\t\t\t\t<\/div>\n\t\t\t\t<\/div>\n\t\t\t\t<\/div>","protected":false},"excerpt":{"rendered":"<p>Thion\u00f3il ALT-EDIC a ch\u00e9ad Tion\u00f3l Comhalta\u00ed an 8 M\u00e1rta 2024.<\/p>","protected":false},"author":32,"featured_media":8998,"comment_status":"closed","ping_status":"closed","sticky":false,"template":"","format":"standard","meta":{"footnotes":""},"categories":[189],"tags":[],"class_list":["post-2466","post","type-post","status-publish","format-standard","has-post-thumbnail","hentry","category-news"],"aioseo_notices":[],"_links":{"self":[{"href":"http:\/\/www.alt-edic.eu\/ga\/wp-json\/wp\/v2\/posts\/2466","targetHints":{"allow":["GET"]}}],"collection":[{"href":"http:\/\/www.alt-edic.eu\/ga\/wp-json\/wp\/v2\/posts"}],"about":[{"href":"http:\/\/www.alt-edic.eu\/ga\/wp-json\/wp\/v2\/types\/post"}],"author":[{"embeddable":true,"href":"http:\/\/www.alt-edic.eu\/ga\/wp-json\/wp\/v2\/users\/32"}],"replies":[{"embeddable":true,"href":"http:\/\/www.alt-edic.eu\/ga\/wp-json\/wp\/v2\/comments?post=2466"}],"version-history":[{"count":0,"href":"http:\/\/www.alt-edic.eu\/ga\/wp-json\/wp\/v2\/posts\/2466\/revisions"}],"wp:featuredmedia":[{"embeddable":true,"href":"http:\/\/www.alt-edic.eu\/ga\/wp-json\/wp\/v2\/media\/8998"}],"wp:attachment":[{"href":"http:\/\/www.alt-edic.eu\/ga\/wp-json\/wp\/v2\/media?parent=2466"}],"wp:term":[{"taxonomy":"category","embeddable":true,"href":"http:\/\/www.alt-edic.eu\/ga\/wp-json\/wp\/v2\/categories?post=2466"},{"taxonomy":"post_tag","embeddable":true,"href":"http:\/\/www.alt-edic.eu\/ga\/wp-json\/wp\/v2\/tags?post=2466"}],"curies":[{"name":"wp","href":"https:\/\/api.w.org\/{rel}","templated":true}]}}