{"id":10687,"date":"2025-02-24T07:00:14","date_gmt":"2025-02-24T06:00:14","guid":{"rendered":"https:\/\/alt-edic.eu\/?p=10687"},"modified":"2025-04-26T08:32:43","modified_gmt":"2025-04-26T07:32:43","slug":"poland-launches-a-polish-large-language-model-pllum","status":"publish","type":"post","link":"http:\/\/www.alt-edic.eu\/ga\/news\/poland-launches-a-polish-large-language-model-pllum\/","title":{"rendered":"<p>Seolann an Pholainn M\u00fanla M\u00f3rtheanga na Polainne (PLLuM)<\/p>"},"content":{"rendered":"<div data-elementor-type=\"wp-post\" data-elementor-id=\"10687\" class=\"elementor elementor-10687\" data-elementor-post-type=\"post\">\n\t\t\t\t<div class=\"elementor-element elementor-element-70b56c5e e-flex e-con-boxed e-con e-parent\" data-id=\"70b56c5e\" data-element_type=\"container\" data-e-type=\"container\">\n\t\t\t\t\t<div class=\"e-con-inner\">\n\t\t\t\t<div class=\"elementor-element elementor-element-7817e179 elementor-widget elementor-widget-text-editor\" data-id=\"7817e179\" data-element_type=\"widget\" data-e-type=\"widget\" data-widget_type=\"text-editor.default\">\n\t\t\t\t<div class=\"elementor-widget-container\">\n\t\t\t\t\t\t\t\t\t<p>An Aireacht Gn\u00f3tha\u00ed Digiteacha <span style=\"text-decoration: underline;\"><a href=\"https:\/\/www.gov.pl\/web\/cyfryzacja\/polska-buduje-wlasna-sztuczna-inteligencje--pllum-gotowy-do-dzialania\">Arna chur i l\u00e1thair an 24 Feabhra, 2025<\/a><\/span>, an tsamhail Polainnise PLLuM mar aon lena plean forbartha. Is gr\u00fapa samhlacha intleachta saorga \u00e9 PLLuM (Samhail Teanga Mh\u00f3r na Polainne) at\u00e1 deartha chun t\u00e9acsanna sa Pholainnis a phr\u00f3ise\u00e1il agus a ghini\u00faint. Cruthaithe ag saineolaithe TF agus teangeola\u00edochta na Polainne, tac\u00f3idh na samhlacha seo le forbairt inni\u00falachta\u00ed digiteacha agus le nu\u00e1la\u00edocht sa riarach\u00e1n poibl\u00ed agus sa ghn\u00f3.\u00a0 Ag tos\u00fa inniu, t\u00e1 an tsamhail ar f\u00e1il do gach duine ag <span style=\"text-decoration: underline;\"><a href=\"http:\/\/pllum.clarin-pl.eu\"><strong>http:\/\/pllum.clarin-pl.eu<\/strong><\/a><\/span>.<\/p>\n<p>&nbsp;<\/p>\n<p><\/p>\n<blockquote class=\"wp-block-quote has-medium-font-size is-layout-flow wp-block-quote-is-layout-flow\">\n<p><\/p>\n<p>\u201cIs cruth\u00fanas \u00e9 PLLuM gur f\u00e9idir linn teicneola\u00edochta\u00ed nua-aimseartha a fhorbairt ar \u00e1r dt\u00e9arma\u00ed f\u00e9in, in\u00e1r dteanga f\u00e9in, ar mhaithe len\u00e1r saor\u00e1naigh. T\u00e1imid ag leagan s\u00edos an bhunchloch do sheirbh\u00eds\u00ed poibl\u00ed cliste agus do nu\u00e1la\u00edochta\u00ed a thabharfaidh f\u00edorthaca\u00edocht don riarach\u00e1n agus don ghn\u00f3 araon,\u201d a d\u00fairt an Leas-Phr\u00edomh-Aire agus an tAire Gn\u00f3tha\u00ed Digiteacha Krzysztof Gawkowski.\u00bb<\/p>\n<p><\/p>\n<\/blockquote>\n<p><\/p>\n<p>Seasann PLLuM amach i measc samhlacha teanga eile. T\u00e1 s\u00e9 curtha in oiri\u00faint do shaini\u00falachta\u00ed th\u00e9arma\u00edocht na Polainnise agus an riarach\u00e1in phoibl\u00ed. Baineann a fhorbairt le n\u00f3sanna imeachta cuimsitheacha maidir le baili\u00fa sonra\u00ed agus meas\u00fan\u00fa c\u00e1il\u00edochta. * \u00das\u00e1ideann PLLuM sonra\u00ed org\u00e1nacha go pr\u00edomha ? arna bhforbairt de l\u00e1imh seachas arna ngini\u00faint ag samhlacha teanga eile. Agus \u00e9 oilte ar acmhainn\u00ed na Polainne, t\u00e1 barr feabhais bainte amach aige maidir le castachta\u00ed infhillte agus comhr\u00e9ire na Polainne a l\u00e1imhse\u00e1il, rud a ghineann \u00e1bhar beacht.<\/p>\n<p>Cuirfidh PLLuM ardr\u00e9itigh ar f\u00e1il don riarach\u00e1n poibl\u00ed, rud a thac\u00f3idh a thuilleadh le claochl\u00fa digiteach na Polainne:<\/p>\n<ul>\n<li>A <strong>c\u00fant\u00f3ir f\u00edor\u00fail<\/strong> san aip mObywatel chun cabhr\u00fa le saor\u00e1naigh faisn\u00e9is phoibl\u00ed a fh\u00e1il.<\/li>\n<li>An <strong>c\u00fant\u00f3ir riarach\u00e1in cliste<\/strong> pr\u00f3ise\u00e1il doicim\u00e9ad, anail\u00eds \u00e1bhair, aisghabh\u00e1il faisn\u00e9ise a uathoibri\u00fa, agus tac\u00fa le freagra\u00ed ar fhiosr\u00fach\u00e1in \u00f3 shaor\u00e1naigh.<\/li>\n<li><strong>Oideachas<\/strong>, forbairt feidhmchl\u00e1r oideachais agus aistri\u00fach\u00e1in a \u00e9asc\u00fa, agus cabhr\u00fa le m\u00fainteoir\u00ed ceachtanna tarraingteacha a dh\u00e9anamh leis na teicneola\u00edochta\u00ed is d\u00e9ana\u00ed.<\/li>\n<\/ul>\n<p>&nbsp;<\/p>\t\t\t\t\t\t\t\t<\/div>\n\t\t\t\t<\/div>\n\t\t\t\t\t<\/div>\n\t\t\t\t<\/div>\n\t\t\t\t<\/div>","protected":false},"excerpt":{"rendered":"<p>T\u00e1 PLLuM, M\u00fanla M\u00f3r Teanga don Pholainnis at\u00e1 ar f\u00e1il do ch\u00e1ch, curtha i l\u00e1thair ag Aireacht Gn\u00f3tha\u00ed Digiteacha na Polainne. <\/p>","protected":false},"author":32,"featured_media":10725,"comment_status":"closed","ping_status":"open","sticky":false,"template":"","format":"standard","meta":{"footnotes":""},"categories":[189],"tags":[],"class_list":["post-10687","post","type-post","status-publish","format-standard","has-post-thumbnail","hentry","category-news"],"aioseo_notices":[],"_links":{"self":[{"href":"http:\/\/www.alt-edic.eu\/ga\/wp-json\/wp\/v2\/posts\/10687","targetHints":{"allow":["GET"]}}],"collection":[{"href":"http:\/\/www.alt-edic.eu\/ga\/wp-json\/wp\/v2\/posts"}],"about":[{"href":"http:\/\/www.alt-edic.eu\/ga\/wp-json\/wp\/v2\/types\/post"}],"author":[{"embeddable":true,"href":"http:\/\/www.alt-edic.eu\/ga\/wp-json\/wp\/v2\/users\/32"}],"replies":[{"embeddable":true,"href":"http:\/\/www.alt-edic.eu\/ga\/wp-json\/wp\/v2\/comments?post=10687"}],"version-history":[{"count":0,"href":"http:\/\/www.alt-edic.eu\/ga\/wp-json\/wp\/v2\/posts\/10687\/revisions"}],"wp:featuredmedia":[{"embeddable":true,"href":"http:\/\/www.alt-edic.eu\/ga\/wp-json\/wp\/v2\/media\/10725"}],"wp:attachment":[{"href":"http:\/\/www.alt-edic.eu\/ga\/wp-json\/wp\/v2\/media?parent=10687"}],"wp:term":[{"taxonomy":"category","embeddable":true,"href":"http:\/\/www.alt-edic.eu\/ga\/wp-json\/wp\/v2\/categories?post=10687"},{"taxonomy":"post_tag","embeddable":true,"href":"http:\/\/www.alt-edic.eu\/ga\/wp-json\/wp\/v2\/tags?post=10687"}],"curies":[{"name":"wp","href":"https:\/\/api.w.org\/{rel}","templated":true}]}}