{"id":9618,"date":"2024-12-05T06:00:00","date_gmt":"2024-12-05T06:00:00","guid":{"rendered":"https:\/\/alt-edic.eu\/?p=9618"},"modified":"2024-12-13T10:51:10","modified_gmt":"2024-12-13T09:51:10","slug":"the-alt-edic-appoints-its-director","status":"publish","type":"post","link":"http:\/\/www.alt-edic.eu\/es\/news\/the-alt-edic-appoints-its-director\/","title":{"rendered":"<p>La ALT-EDIC nombra a su director<\/p>"},"content":{"rendered":"<div data-elementor-type=\"wp-post\" data-elementor-id=\"9618\" class=\"elementor elementor-9618\" data-elementor-post-type=\"post\">\n\t\t\t\t<div class=\"elementor-element elementor-element-1d3db17b e-flex e-con-boxed e-con e-parent\" data-id=\"1d3db17b\" data-element_type=\"container\" data-e-type=\"container\">\n\t\t\t\t\t<div class=\"e-con-inner\">\n\t\t\t\t<div class=\"elementor-element elementor-element-2ffcf7d3 elementor-widget elementor-widget-text-editor\" data-id=\"2ffcf7d3\" data-element_type=\"widget\" data-e-type=\"widget\" data-widget_type=\"text-editor.default\">\n\t\t\t\t<div class=\"elementor-widget-container\">\n\t\t\t\t\t\t\t\t\t<p>La ALT-EDIC se complace en anunciar el nombramiento de su primer director, Edouard Geoffrois. Asumir\u00e1 su cargo el 1 de enero de 2025, sustituyendo al presidente de la Asamblea de Miembros de ALT-EDIC, Tibault Grouas, quien actu\u00f3 como director hasta entonces.<\/p>\n<p><!-- \/wp:paragraph --><!-- wp:paragraph --><\/p>\n<p>El director se encarga de contratar al equipo ALT-EDIC y gestionar\u00e1 las actividades y operaciones de ALT-EDIC. Asegurar\u00e1 la colaboraci\u00f3n con las diversas partes interesadas de ALT-EDIC, incluida la Asamblea de Miembros, el Comit\u00e9 de Orientaci\u00f3n Estrat\u00e9gica y las industrias. Tambi\u00e9n ser\u00e1 responsable de impulsar el desarrollo de ALT-EDIC hacia servicios plenamente maduros y operativos, en consonancia con el programa estrat\u00e9gico de la D\u00e9cada Digital para 2030.<\/p>\n<p>Edouard Geoffrois tiene un doctorado sobre el tema del reconocimiento autom\u00e1tico de voz y ha creado las actividades sobre tecnolog\u00edas del lenguaje en el Ministerio de Defensa franc\u00e9s. Ha coordinado cooperaciones plurinacionales con el apoyo de la UE (ERA-NET) en el \u00e1mbito de las tecnolog\u00edas de la informaci\u00f3n y la comunicaci\u00f3n en la Agencia Nacional de Investigaci\u00f3n de Francia (ANR), y desde 2019 trabaja en la Comisi\u00f3n Europea en el Fondo Europeo de Defensa con un enfoque en la inteligencia artificial. Tiene una amplia experiencia en la creaci\u00f3n y gesti\u00f3n de datos ling\u00fc\u00edsticos y en el dise\u00f1o y organizaci\u00f3n de campa\u00f1as de evaluaci\u00f3n, as\u00ed como en la gesti\u00f3n de grandes programas complejos de I+amp;D.<\/p>\n<p><!-- \/wp:paragraph --><!-- wp:paragraph --><\/p>\n<p>Edouard Geoffrois: \u00ab <em>Con el advenimiento de los modelos de gran lenguaje de alto rendimiento y la IA generativa, el lanzamiento de modelos de c\u00f3digo abierto de vanguardia y la aparici\u00f3n de modelos b\u00e1sicos que pueden ser adaptados por terceros y usuarios, el dominio de las tecnolog\u00edas del lenguaje se est\u00e1 moviendo r\u00e1pidamente. El desarrollo de estas tecnolog\u00edas en Europa es muy activo y, m\u00e1s que nunca, para garantizar la eficiencia de este desarrollo, es necesario poner en com\u00fan los recursos ling\u00fc\u00edsticos y federar los esfuerzos de desarrollo. Como entidad europea con una misi\u00f3n p\u00fablica de servir a la comunidad LT, la ALT-EDIC es perfectamente adecuada para abordar estas brechas.<\/em> \u00bb<\/p>\n<p><!-- \/wp:paragraph --><!-- wp:paragraph --><\/p>\n<p><!-- \/wp:paragraph --><\/p>\t\t\t\t\t\t\t\t<\/div>\n\t\t\t\t<\/div>\n\t\t\t\t\t<\/div>\n\t\t\t\t<\/div>\n\t\t\t\t<\/div>","protected":false},"excerpt":{"rendered":"<p>Edouard Geoffrois aportar\u00e1 a la ALT-EDIC su experiencia en Tecnolog\u00edas Ling\u00fc\u00edsticas y su experiencia en R&amp;D gesti\u00f3n de programas y cooperaci\u00f3n europea.  <\/p>","protected":false},"author":32,"featured_media":10236,"comment_status":"closed","ping_status":"open","sticky":false,"template":"","format":"standard","meta":{"footnotes":""},"categories":[189],"tags":[],"class_list":["post-9618","post","type-post","status-publish","format-standard","has-post-thumbnail","hentry","category-news"],"aioseo_notices":[],"_links":{"self":[{"href":"http:\/\/www.alt-edic.eu\/es\/wp-json\/wp\/v2\/posts\/9618","targetHints":{"allow":["GET"]}}],"collection":[{"href":"http:\/\/www.alt-edic.eu\/es\/wp-json\/wp\/v2\/posts"}],"about":[{"href":"http:\/\/www.alt-edic.eu\/es\/wp-json\/wp\/v2\/types\/post"}],"author":[{"embeddable":true,"href":"http:\/\/www.alt-edic.eu\/es\/wp-json\/wp\/v2\/users\/32"}],"replies":[{"embeddable":true,"href":"http:\/\/www.alt-edic.eu\/es\/wp-json\/wp\/v2\/comments?post=9618"}],"version-history":[{"count":0,"href":"http:\/\/www.alt-edic.eu\/es\/wp-json\/wp\/v2\/posts\/9618\/revisions"}],"wp:featuredmedia":[{"embeddable":true,"href":"http:\/\/www.alt-edic.eu\/es\/wp-json\/wp\/v2\/media\/10236"}],"wp:attachment":[{"href":"http:\/\/www.alt-edic.eu\/es\/wp-json\/wp\/v2\/media?parent=9618"}],"wp:term":[{"taxonomy":"category","embeddable":true,"href":"http:\/\/www.alt-edic.eu\/es\/wp-json\/wp\/v2\/categories?post=9618"},{"taxonomy":"post_tag","embeddable":true,"href":"http:\/\/www.alt-edic.eu\/es\/wp-json\/wp\/v2\/tags?post=9618"}],"curies":[{"name":"wp","href":"https:\/\/api.w.org\/{rel}","templated":true}]}}